{"id":1724,"date":"2015-12-17T21:41:32","date_gmt":"2015-12-17T20:41:32","guid":{"rendered":"http:\/\/www.masharif.com\/fr\/?p=1724"},"modified":"2015-12-17T21:42:34","modified_gmt":"2015-12-17T20:42:34","slug":"jecris-sur-mon-enfance-par-najd-al-qassir-poete-syrien-salamyya","status":"publish","type":"post","link":"http:\/\/www.masharif.com\/fr\/2015\/12\/17\/jecris-sur-mon-enfance-par-najd-al-qassir-poete-syrien-salamyya\/","title":{"rendered":"J\u2019\u00e9cris sur mon enfance :par : Najd Al-Qassir \u2013 po\u00e8te syrien \u2013Salamyya"},"content":{"rendered":"<div id=\"attachment_1186\" style=\"width: 235px\" class=\"wp-caption alignnone\"><a href=\"http:\/\/www.masharif.com\/fr\/wp-content\/uploads\/2015\/10\/1465721_471195359655680_663793151_o1.jpg\"><img aria-describedby=\"caption-attachment-1186\" loading=\"lazy\" class=\"wp-image-1186 size-medium\" src=\"http:\/\/www.masharif.com\/fr\/wp-content\/uploads\/2015\/10\/1465721_471195359655680_663793151_o1-225x300.jpg\" alt=\"1465721_471195359655680_663793151_o\" width=\"225\" height=\"300\" srcset=\"http:\/\/www.masharif.com\/fr\/wp-content\/uploads\/2015\/10\/1465721_471195359655680_663793151_o1-225x300.jpg 225w, http:\/\/www.masharif.com\/fr\/wp-content\/uploads\/2015\/10\/1465721_471195359655680_663793151_o1.jpg 720w\" sizes=\"(max-width: 225px) 100vw, 225px\" \/><\/a><p id=\"caption-attachment-1186\" class=\"wp-caption-text\">Najd Al-Qassir \u2013 po\u00e8te syrien \u2013Salamyya<\/p><\/div>\n<p><a href=\"http:\/\/www.masharif.com\/fr\/wp-content\/uploads\/2015\/12\/stock-photo-4488450-duct-business-man.jpg\"><img loading=\"lazy\" class=\"alignnone size-medium wp-image-1725\" src=\"http:\/\/www.masharif.com\/fr\/wp-content\/uploads\/2015\/12\/stock-photo-4488450-duct-business-man-224x300.jpg\" alt=\"stock-photo-4488450-duct-business-man\" width=\"224\" height=\"300\" srcset=\"http:\/\/www.masharif.com\/fr\/wp-content\/uploads\/2015\/12\/stock-photo-4488450-duct-business-man-224x300.jpg 224w, http:\/\/www.masharif.com\/fr\/wp-content\/uploads\/2015\/12\/stock-photo-4488450-duct-business-man.jpg 416w\" sizes=\"(max-width: 224px) 100vw, 224px\" \/><\/a><\/p>\n<p>&nbsp;<\/p>\n<p style=\"text-align: center;\"><strong>J\u2019\u00e9cris sur mon enfance<br \/>\nComme si je viens de la quitter \u00e0 l\u2019instant<br \/>\nComme si mes habits n\u2019ont pas encore s\u00e9ch\u00e9<br \/>\nJ\u2019y \u00e9cris<br \/>\nComme si ce monde\u00a0 s\u2019appr\u00eate \u00e0 me sortir une mamelle<br \/>\nDu dessous de ses d\u00e9combres et ses amas<br \/>\nTandis que moi<br \/>\nJe ne peux ouvrir la bouche<br \/>\nM\u00eame pour prononcer un mot<br \/>\n<\/strong><\/p>\n<p style=\"text-align: center;\">\n<p style=\"text-align: center;\"><strong>Najd Al-Qassir<\/strong> \u2013 po\u00e8te syrien \u2013Salamyya<\/p>\n","protected":false},"excerpt":{"rendered":"<p>&nbsp; J\u2019\u00e9cris sur mon enfance Comme si je viens de la quitter \u00e0 l\u2019instant Comme si mes habits n\u2019ont pas encore s\u00e9ch\u00e9 J\u2019y \u00e9cris Comme si ce monde\u00a0 s\u2019appr\u00eate \u00e0 me sortir une mamelle Du dessous de ses d\u00e9combres et ses amas Tandis que moi Je ne peux ouvrir la bouche M\u00eame pour prononcer un &#8230;<\/p>\n","protected":false},"author":2,"featured_media":1725,"comment_status":"open","ping_status":"open","sticky":false,"template":"","format":"standard","meta":[],"categories":[6],"tags":[],"yoast_head":"<!-- This site is optimized with the Yoast SEO plugin v19.3 - https:\/\/yoast.com\/wordpress\/plugins\/seo\/ -->\n<title>J\u2019\u00e9cris sur mon enfance :par : Najd Al-Qassir \u2013 po\u00e8te syrien \u2013Salamyya - Culminances<\/title>\n<meta name=\"robots\" content=\"index, follow, max-snippet:-1, max-image-preview:large, max-video-preview:-1\" \/>\n<link rel=\"canonical\" href=\"https:\/\/www.masharif.com\/fr\/2015\/12\/17\/jecris-sur-mon-enfance-par-najd-al-qassir-poete-syrien-salamyya\/\" \/>\n<meta property=\"og:locale\" content=\"fr_FR\" \/>\n<meta property=\"og:type\" content=\"article\" \/>\n<meta property=\"og:title\" content=\"J\u2019\u00e9cris sur mon enfance :par : Najd Al-Qassir \u2013 po\u00e8te syrien \u2013Salamyya - Culminances\" \/>\n<meta property=\"og:description\" content=\"&nbsp; J\u2019\u00e9cris sur mon enfance Comme si je viens de la quitter \u00e0 l\u2019instant Comme si mes habits n\u2019ont pas encore s\u00e9ch\u00e9 J\u2019y \u00e9cris Comme si ce monde\u00a0 s\u2019appr\u00eate \u00e0 me sortir une mamelle Du dessous de ses d\u00e9combres et ses amas Tandis que moi Je ne peux ouvrir la bouche M\u00eame pour prononcer un ...\" \/>\n<meta property=\"og:url\" content=\"https:\/\/www.masharif.com\/fr\/2015\/12\/17\/jecris-sur-mon-enfance-par-najd-al-qassir-poete-syrien-salamyya\/\" \/>\n<meta property=\"og:site_name\" content=\"Culminances\" \/>\n<meta property=\"article:published_time\" content=\"2015-12-17T20:41:32+00:00\" \/>\n<meta property=\"article:modified_time\" content=\"2015-12-17T20:42:34+00:00\" \/>\n<meta property=\"og:image\" content=\"https:\/\/www.masharif.com\/fr\/wp-content\/uploads\/2015\/12\/stock-photo-4488450-duct-business-man.jpg\" \/>\n\t<meta property=\"og:image:width\" content=\"416\" \/>\n\t<meta property=\"og:image:height\" content=\"556\" \/>\n\t<meta property=\"og:image:type\" content=\"image\/jpeg\" \/>\n<meta name=\"author\" content=\"Mohamed Salah Ben Amor\" \/>\n<meta name=\"twitter:card\" content=\"summary\" \/>\n<meta name=\"twitter:label1\" content=\"\u00c9crit par\" \/>\n\t<meta name=\"twitter:data1\" content=\"Mohamed Salah Ben Amor\" \/>\n<script type=\"application\/ld+json\" class=\"yoast-schema-graph\">{\"@context\":\"https:\/\/schema.org\",\"@graph\":[{\"@type\":\"WebSite\",\"@id\":\"https:\/\/www.masharif.com\/fr\/#website\",\"url\":\"https:\/\/www.masharif.com\/fr\/\",\"name\":\"Culminances\",\"description\":\"\",\"potentialAction\":[{\"@type\":\"SearchAction\",\"target\":{\"@type\":\"EntryPoint\",\"urlTemplate\":\"https:\/\/www.masharif.com\/fr\/?s={search_term_string}\"},\"query-input\":\"required name=search_term_string\"}],\"inLanguage\":\"fr-FR\"},{\"@type\":\"ImageObject\",\"inLanguage\":\"fr-FR\",\"@id\":\"https:\/\/www.masharif.com\/fr\/2015\/12\/17\/jecris-sur-mon-enfance-par-najd-al-qassir-poete-syrien-salamyya\/#primaryimage\",\"url\":\"http:\/\/www.masharif.com\/fr\/wp-content\/uploads\/2015\/12\/stock-photo-4488450-duct-business-man.jpg\",\"contentUrl\":\"http:\/\/www.masharif.com\/fr\/wp-content\/uploads\/2015\/12\/stock-photo-4488450-duct-business-man.jpg\",\"width\":416,\"height\":556},{\"@type\":\"WebPage\",\"@id\":\"https:\/\/www.masharif.com\/fr\/2015\/12\/17\/jecris-sur-mon-enfance-par-najd-al-qassir-poete-syrien-salamyya\/\",\"url\":\"https:\/\/www.masharif.com\/fr\/2015\/12\/17\/jecris-sur-mon-enfance-par-najd-al-qassir-poete-syrien-salamyya\/\",\"name\":\"J\u2019\u00e9cris sur mon enfance :par : Najd Al-Qassir \u2013 po\u00e8te syrien \u2013Salamyya - Culminances\",\"isPartOf\":{\"@id\":\"https:\/\/www.masharif.com\/fr\/#website\"},\"primaryImageOfPage\":{\"@id\":\"https:\/\/www.masharif.com\/fr\/2015\/12\/17\/jecris-sur-mon-enfance-par-najd-al-qassir-poete-syrien-salamyya\/#primaryimage\"},\"datePublished\":\"2015-12-17T20:41:32+00:00\",\"dateModified\":\"2015-12-17T20:42:34+00:00\",\"author\":{\"@id\":\"https:\/\/www.masharif.com\/fr\/#\/schema\/person\/839a7026efe9fa825134097c1041e4a0\"},\"breadcrumb\":{\"@id\":\"https:\/\/www.masharif.com\/fr\/2015\/12\/17\/jecris-sur-mon-enfance-par-najd-al-qassir-poete-syrien-salamyya\/#breadcrumb\"},\"inLanguage\":\"fr-FR\",\"potentialAction\":[{\"@type\":\"ReadAction\",\"target\":[\"https:\/\/www.masharif.com\/fr\/2015\/12\/17\/jecris-sur-mon-enfance-par-najd-al-qassir-poete-syrien-salamyya\/\"]}]},{\"@type\":\"BreadcrumbList\",\"@id\":\"https:\/\/www.masharif.com\/fr\/2015\/12\/17\/jecris-sur-mon-enfance-par-najd-al-qassir-poete-syrien-salamyya\/#breadcrumb\",\"itemListElement\":[{\"@type\":\"ListItem\",\"position\":1,\"name\":\"Home\",\"item\":\"https:\/\/www.masharif.com\/fr\/\"},{\"@type\":\"ListItem\",\"position\":2,\"name\":\"J\u2019\u00e9cris sur mon enfance :par : Najd Al-Qassir \u2013 po\u00e8te syrien \u2013Salamyya\"}]},{\"@type\":\"Person\",\"@id\":\"https:\/\/www.masharif.com\/fr\/#\/schema\/person\/839a7026efe9fa825134097c1041e4a0\",\"name\":\"Mohamed Salah Ben Amor\",\"image\":{\"@type\":\"ImageObject\",\"inLanguage\":\"fr-FR\",\"@id\":\"https:\/\/www.masharif.com\/fr\/#\/schema\/person\/image\/\",\"url\":\"http:\/\/0.gravatar.com\/avatar\/f64806401ad5ed604ffec2272b19ef46?s=96&d=identicon&r=g\",\"contentUrl\":\"http:\/\/0.gravatar.com\/avatar\/f64806401ad5ed604ffec2272b19ef46?s=96&d=identicon&r=g\",\"caption\":\"Mohamed Salah Ben Amor\"},\"sameAs\":[\"http:\/\/ben-amor.info\"],\"url\":\"http:\/\/www.masharif.com\/fr\/author\/msba\/\"}]}<\/script>\n<!-- \/ Yoast SEO plugin. -->","yoast_head_json":{"title":"J\u2019\u00e9cris sur mon enfance :par : Najd Al-Qassir \u2013 po\u00e8te syrien \u2013Salamyya - Culminances","robots":{"index":"index","follow":"follow","max-snippet":"max-snippet:-1","max-image-preview":"max-image-preview:large","max-video-preview":"max-video-preview:-1"},"canonical":"https:\/\/www.masharif.com\/fr\/2015\/12\/17\/jecris-sur-mon-enfance-par-najd-al-qassir-poete-syrien-salamyya\/","og_locale":"fr_FR","og_type":"article","og_title":"J\u2019\u00e9cris sur mon enfance :par : Najd Al-Qassir \u2013 po\u00e8te syrien \u2013Salamyya - Culminances","og_description":"&nbsp; J\u2019\u00e9cris sur mon enfance Comme si je viens de la quitter \u00e0 l\u2019instant Comme si mes habits n\u2019ont pas encore s\u00e9ch\u00e9 J\u2019y \u00e9cris Comme si ce monde\u00a0 s\u2019appr\u00eate \u00e0 me sortir une mamelle Du dessous de ses d\u00e9combres et ses amas Tandis que moi Je ne peux ouvrir la bouche M\u00eame pour prononcer un ...","og_url":"https:\/\/www.masharif.com\/fr\/2015\/12\/17\/jecris-sur-mon-enfance-par-najd-al-qassir-poete-syrien-salamyya\/","og_site_name":"Culminances","article_published_time":"2015-12-17T20:41:32+00:00","article_modified_time":"2015-12-17T20:42:34+00:00","og_image":[{"width":416,"height":556,"url":"https:\/\/www.masharif.com\/fr\/wp-content\/uploads\/2015\/12\/stock-photo-4488450-duct-business-man.jpg","type":"image\/jpeg"}],"author":"Mohamed Salah Ben Amor","twitter_card":"summary","twitter_misc":{"\u00c9crit par":"Mohamed Salah Ben Amor"},"schema":{"@context":"https:\/\/schema.org","@graph":[{"@type":"WebSite","@id":"https:\/\/www.masharif.com\/fr\/#website","url":"https:\/\/www.masharif.com\/fr\/","name":"Culminances","description":"","potentialAction":[{"@type":"SearchAction","target":{"@type":"EntryPoint","urlTemplate":"https:\/\/www.masharif.com\/fr\/?s={search_term_string}"},"query-input":"required name=search_term_string"}],"inLanguage":"fr-FR"},{"@type":"ImageObject","inLanguage":"fr-FR","@id":"https:\/\/www.masharif.com\/fr\/2015\/12\/17\/jecris-sur-mon-enfance-par-najd-al-qassir-poete-syrien-salamyya\/#primaryimage","url":"http:\/\/www.masharif.com\/fr\/wp-content\/uploads\/2015\/12\/stock-photo-4488450-duct-business-man.jpg","contentUrl":"http:\/\/www.masharif.com\/fr\/wp-content\/uploads\/2015\/12\/stock-photo-4488450-duct-business-man.jpg","width":416,"height":556},{"@type":"WebPage","@id":"https:\/\/www.masharif.com\/fr\/2015\/12\/17\/jecris-sur-mon-enfance-par-najd-al-qassir-poete-syrien-salamyya\/","url":"https:\/\/www.masharif.com\/fr\/2015\/12\/17\/jecris-sur-mon-enfance-par-najd-al-qassir-poete-syrien-salamyya\/","name":"J\u2019\u00e9cris sur mon enfance :par : Najd Al-Qassir \u2013 po\u00e8te syrien \u2013Salamyya - Culminances","isPartOf":{"@id":"https:\/\/www.masharif.com\/fr\/#website"},"primaryImageOfPage":{"@id":"https:\/\/www.masharif.com\/fr\/2015\/12\/17\/jecris-sur-mon-enfance-par-najd-al-qassir-poete-syrien-salamyya\/#primaryimage"},"datePublished":"2015-12-17T20:41:32+00:00","dateModified":"2015-12-17T20:42:34+00:00","author":{"@id":"https:\/\/www.masharif.com\/fr\/#\/schema\/person\/839a7026efe9fa825134097c1041e4a0"},"breadcrumb":{"@id":"https:\/\/www.masharif.com\/fr\/2015\/12\/17\/jecris-sur-mon-enfance-par-najd-al-qassir-poete-syrien-salamyya\/#breadcrumb"},"inLanguage":"fr-FR","potentialAction":[{"@type":"ReadAction","target":["https:\/\/www.masharif.com\/fr\/2015\/12\/17\/jecris-sur-mon-enfance-par-najd-al-qassir-poete-syrien-salamyya\/"]}]},{"@type":"BreadcrumbList","@id":"https:\/\/www.masharif.com\/fr\/2015\/12\/17\/jecris-sur-mon-enfance-par-najd-al-qassir-poete-syrien-salamyya\/#breadcrumb","itemListElement":[{"@type":"ListItem","position":1,"name":"Home","item":"https:\/\/www.masharif.com\/fr\/"},{"@type":"ListItem","position":2,"name":"J\u2019\u00e9cris sur mon enfance :par : Najd Al-Qassir \u2013 po\u00e8te syrien \u2013Salamyya"}]},{"@type":"Person","@id":"https:\/\/www.masharif.com\/fr\/#\/schema\/person\/839a7026efe9fa825134097c1041e4a0","name":"Mohamed Salah Ben Amor","image":{"@type":"ImageObject","inLanguage":"fr-FR","@id":"https:\/\/www.masharif.com\/fr\/#\/schema\/person\/image\/","url":"http:\/\/0.gravatar.com\/avatar\/f64806401ad5ed604ffec2272b19ef46?s=96&d=identicon&r=g","contentUrl":"http:\/\/0.gravatar.com\/avatar\/f64806401ad5ed604ffec2272b19ef46?s=96&d=identicon&r=g","caption":"Mohamed Salah Ben Amor"},"sameAs":["http:\/\/ben-amor.info"],"url":"http:\/\/www.masharif.com\/fr\/author\/msba\/"}]}},"_links":{"self":[{"href":"http:\/\/www.masharif.com\/fr\/wp-json\/wp\/v2\/posts\/1724"}],"collection":[{"href":"http:\/\/www.masharif.com\/fr\/wp-json\/wp\/v2\/posts"}],"about":[{"href":"http:\/\/www.masharif.com\/fr\/wp-json\/wp\/v2\/types\/post"}],"author":[{"embeddable":true,"href":"http:\/\/www.masharif.com\/fr\/wp-json\/wp\/v2\/users\/2"}],"replies":[{"embeddable":true,"href":"http:\/\/www.masharif.com\/fr\/wp-json\/wp\/v2\/comments?post=1724"}],"version-history":[{"count":3,"href":"http:\/\/www.masharif.com\/fr\/wp-json\/wp\/v2\/posts\/1724\/revisions"}],"predecessor-version":[{"id":1728,"href":"http:\/\/www.masharif.com\/fr\/wp-json\/wp\/v2\/posts\/1724\/revisions\/1728"}],"wp:featuredmedia":[{"embeddable":true,"href":"http:\/\/www.masharif.com\/fr\/wp-json\/wp\/v2\/media\/1725"}],"wp:attachment":[{"href":"http:\/\/www.masharif.com\/fr\/wp-json\/wp\/v2\/media?parent=1724"}],"wp:term":[{"taxonomy":"category","embeddable":true,"href":"http:\/\/www.masharif.com\/fr\/wp-json\/wp\/v2\/categories?post=1724"},{"taxonomy":"post_tag","embeddable":true,"href":"http:\/\/www.masharif.com\/fr\/wp-json\/wp\/v2\/tags?post=1724"}],"curies":[{"name":"wp","href":"https:\/\/api.w.org\/{rel}","templated":true}]}}