{"id":1417,"date":"2015-11-12T05:23:12","date_gmt":"2015-11-12T04:23:12","guid":{"rendered":"http:\/\/www.masharif.com\/fr\/?p=1417"},"modified":"2015-11-12T05:23:12","modified_gmt":"2015-11-12T04:23:12","slug":"poeme-du-jour-automne-par-jose-le-moigne-poete-francais","status":"publish","type":"post","link":"http:\/\/www.masharif.com\/fr\/2015\/11\/12\/poeme-du-jour-automne-par-jose-le-moigne-poete-francais\/","title":{"rendered":"Po\u00e8me du jour : Automne par :Jos\u00e9 Le Moigne \u2013 po\u00e8te fran\u00e7ais"},"content":{"rendered":"<div id=\"attachment_1418\" style=\"width: 310px\" class=\"wp-caption alignnone\"><a href=\"http:\/\/www.masharif.com\/fr\/wp-content\/uploads\/2015\/11\/307898_4793897251924_881063830_n.jpg\"><img aria-describedby=\"caption-attachment-1418\" loading=\"lazy\" class=\"wp-image-1418 size-medium\" src=\"http:\/\/www.masharif.com\/fr\/wp-content\/uploads\/2015\/11\/307898_4793897251924_881063830_n-300x225.jpg\" alt=\"307898_4793897251924_881063830_n\" width=\"300\" height=\"225\" srcset=\"http:\/\/www.masharif.com\/fr\/wp-content\/uploads\/2015\/11\/307898_4793897251924_881063830_n-300x225.jpg 300w, http:\/\/www.masharif.com\/fr\/wp-content\/uploads\/2015\/11\/307898_4793897251924_881063830_n.jpg 960w\" sizes=\"(max-width: 300px) 100vw, 300px\" \/><\/a><p id=\"caption-attachment-1418\" class=\"wp-caption-text\">Jos\u00e9 Le Moigne \u2013 po\u00e8te fran\u00e7ais<\/p><\/div>\n<p><a href=\"http:\/\/www.masharif.com\/fr\/wp-content\/uploads\/2015\/11\/hop-garden-203840_640.jpg\"><img loading=\"lazy\" class=\"alignnone size-medium wp-image-1419\" src=\"http:\/\/www.masharif.com\/fr\/wp-content\/uploads\/2015\/11\/hop-garden-203840_640-300x200.jpg\" alt=\"hop-garden-203840_640\" width=\"300\" height=\"200\" srcset=\"http:\/\/www.masharif.com\/fr\/wp-content\/uploads\/2015\/11\/hop-garden-203840_640-300x200.jpg 300w, http:\/\/www.masharif.com\/fr\/wp-content\/uploads\/2015\/11\/hop-garden-203840_640.jpg 640w\" sizes=\"(max-width: 300px) 100vw, 300px\" \/><\/a><\/p>\n<p>&nbsp;<\/p>\n<p style=\"text-align: center;\"><strong>Je ne pencherai plus je crois<\/strong><br \/>\n<strong> du c\u00f4t\u00e9 de la vie.<\/strong><br \/>\n<strong> l\u2019arri\u00e8re-pays ne me servira plus<\/strong><br \/>\n<strong> de prisme d\u00e9formant.<\/strong><br \/>\n<strong> derri\u00e8re l\u2019obstin\u00e9 cillement<\/strong><br \/>\n<strong> des paupi\u00e8res du vent<\/strong><br \/>\n<strong> l\u2019\u00e9tincelle s&#8217;aveugle<\/strong><\/p>\n<p style=\"text-align: center;\">\n<p>De pr\u00e9occupations essentiellement ph\u00e9nom\u00e9nologiques relevant de la sensibilit\u00e9 plus que de la r\u00e9flexion et parfaitement fid\u00e8le \u00e0 son habitude, l\u2019auteur de ce mini-po\u00e8me de forme polygonale, celle qu\u2019il affectionne le plus ,nous propose une image-th\u00e8se que l\u2019on peut r\u00e9sumer en cette relation de cause \u00e0 effet :la perte d\u2019un avantage ( un prisme d\u00e9formant) + le surgissement d\u2019un d\u00e9savantage( le vent aveuglant l\u2019\u00e9tincelle) qui auraient tra\u00een\u00e9 ( je crois) l\u2019acheminement du locuteur dans une direction contraire \u00e0 celle de la vie. Cette image-th\u00e8se, apparemment de construction logique, implique premi\u00e8rement que le fait de s\u2019attacher \u00e0 la vie dans ce bas-monde n\u2019est que le r\u00e9sultat d\u2019une vision d\u00e9form\u00e9e v\u00e9hicul\u00e9e dans l\u2019esprit collectif par le milieu natal (l\u2019arri\u00e8re-pays), deuxi\u00e8mement qu\u2019en r\u00e9alit\u00e9 la vie ne peut \u00eatre bien v\u00e9cue, \u00e0 cause des tracas et des mis\u00e8res ( le vent) qui l\u2019enveniment .Et le choix du symbole du vent est ici judicieux , vu les actions n\u00e9gatives de ce ph\u00e9nom\u00e8ne naturel dont surtout la perturbation et le dispersion. Il en est de m\u00eame pour celui de l\u2019\u00e9tincelle qui s\u2019aveugle et dont la signification possible est l\u2019impossibilit\u00e9 d\u2019esp\u00e9rer, \u00e9tant donn\u00e9 qu\u2019elle connote normalement le d\u00e9but d\u2019un \u00e9tat chaleureux. S\u2019adonner aux plaisirs de la vie serait-il donc pour l\u2019homme, selon l\u2019auteur, une sorte de compensation afin d\u2019oublier la r\u00e9alit\u00e9 tragique dans laquelle il vit ?<\/p>\n<p>La justesse de ces conclusions, tout en pouvant \u00eatre confirm\u00e9e par leur mise en relation avec le titre choisi \u00ab L\u2019automne \u00bb qui d\u00e9note le dernier virage de la vie, ne les emp\u00eache pas d&#8217;acqu\u00e9rir une autre dimension existentielle : le regard que porte l\u2019homme \u00e2g\u00e9 sur la dualit\u00e9 : vie\/mort.<\/p>\n<p>Stylistiquement, ces quelques vers ont \u00e9t\u00e9 finement cisel\u00e9s, gr\u00e2ce \u00e0 l\u2019accumulation des connotations et des sens seconds.<\/p>\n","protected":false},"excerpt":{"rendered":"<p>&nbsp; Je ne pencherai plus je crois du c\u00f4t\u00e9 de la vie. l\u2019arri\u00e8re-pays ne me servira plus de prisme d\u00e9formant. derri\u00e8re l\u2019obstin\u00e9 cillement des paupi\u00e8res du vent l\u2019\u00e9tincelle s&#8217;aveugle De pr\u00e9occupations essentiellement ph\u00e9nom\u00e9nologiques relevant de la sensibilit\u00e9 plus que de la r\u00e9flexion et parfaitement fid\u00e8le \u00e0 son habitude, l\u2019auteur de ce mini-po\u00e8me de forme polygonale, &#8230;<\/p>\n","protected":false},"author":2,"featured_media":1418,"comment_status":"open","ping_status":"open","sticky":false,"template":"","format":"standard","meta":[],"categories":[8],"tags":[],"yoast_head":"<!-- This site is optimized with the Yoast SEO plugin v19.3 - https:\/\/yoast.com\/wordpress\/plugins\/seo\/ -->\n<title>Po\u00e8me du jour : Automne par :Jos\u00e9 Le Moigne \u2013 po\u00e8te fran\u00e7ais - Culminances<\/title>\n<meta name=\"robots\" content=\"index, follow, max-snippet:-1, max-image-preview:large, max-video-preview:-1\" \/>\n<link rel=\"canonical\" href=\"http:\/\/www.masharif.com\/fr\/2015\/11\/12\/poeme-du-jour-automne-par-jose-le-moigne-poete-francais\/\" \/>\n<meta property=\"og:locale\" content=\"fr_FR\" \/>\n<meta property=\"og:type\" content=\"article\" \/>\n<meta property=\"og:title\" content=\"Po\u00e8me du jour : Automne par :Jos\u00e9 Le Moigne \u2013 po\u00e8te fran\u00e7ais - Culminances\" \/>\n<meta property=\"og:description\" content=\"&nbsp; Je ne pencherai plus je crois du c\u00f4t\u00e9 de la vie. l\u2019arri\u00e8re-pays ne me servira plus de prisme d\u00e9formant. derri\u00e8re l\u2019obstin\u00e9 cillement des paupi\u00e8res du vent l\u2019\u00e9tincelle s&#8217;aveugle De pr\u00e9occupations essentiellement ph\u00e9nom\u00e9nologiques relevant de la sensibilit\u00e9 plus que de la r\u00e9flexion et parfaitement fid\u00e8le \u00e0 son habitude, l\u2019auteur de ce mini-po\u00e8me de forme polygonale, ...\" \/>\n<meta property=\"og:url\" content=\"http:\/\/www.masharif.com\/fr\/2015\/11\/12\/poeme-du-jour-automne-par-jose-le-moigne-poete-francais\/\" \/>\n<meta property=\"og:site_name\" content=\"Culminances\" \/>\n<meta property=\"article:published_time\" content=\"2015-11-12T04:23:12+00:00\" \/>\n<meta property=\"og:image\" content=\"http:\/\/www.masharif.com\/fr\/wp-content\/uploads\/2015\/11\/307898_4793897251924_881063830_n.jpg\" \/>\n\t<meta property=\"og:image:width\" content=\"960\" \/>\n\t<meta property=\"og:image:height\" content=\"720\" \/>\n\t<meta property=\"og:image:type\" content=\"image\/jpeg\" \/>\n<meta name=\"author\" content=\"Mohamed Salah Ben Amor\" \/>\n<meta name=\"twitter:card\" content=\"summary\" \/>\n<meta name=\"twitter:label1\" content=\"\u00c9crit par\" \/>\n\t<meta name=\"twitter:data1\" content=\"Mohamed Salah Ben Amor\" \/>\n\t<meta name=\"twitter:label2\" content=\"Dur\u00e9e de lecture estim\u00e9e\" \/>\n\t<meta name=\"twitter:data2\" content=\"2 minutes\" \/>\n<script type=\"application\/ld+json\" class=\"yoast-schema-graph\">{\"@context\":\"https:\/\/schema.org\",\"@graph\":[{\"@type\":\"WebSite\",\"@id\":\"https:\/\/www.masharif.com\/fr\/#website\",\"url\":\"https:\/\/www.masharif.com\/fr\/\",\"name\":\"Culminances\",\"description\":\"\",\"potentialAction\":[{\"@type\":\"SearchAction\",\"target\":{\"@type\":\"EntryPoint\",\"urlTemplate\":\"https:\/\/www.masharif.com\/fr\/?s={search_term_string}\"},\"query-input\":\"required name=search_term_string\"}],\"inLanguage\":\"fr-FR\"},{\"@type\":\"ImageObject\",\"inLanguage\":\"fr-FR\",\"@id\":\"http:\/\/www.masharif.com\/fr\/2015\/11\/12\/poeme-du-jour-automne-par-jose-le-moigne-poete-francais\/#primaryimage\",\"url\":\"http:\/\/www.masharif.com\/fr\/wp-content\/uploads\/2015\/11\/307898_4793897251924_881063830_n.jpg\",\"contentUrl\":\"http:\/\/www.masharif.com\/fr\/wp-content\/uploads\/2015\/11\/307898_4793897251924_881063830_n.jpg\",\"width\":960,\"height\":720},{\"@type\":\"WebPage\",\"@id\":\"http:\/\/www.masharif.com\/fr\/2015\/11\/12\/poeme-du-jour-automne-par-jose-le-moigne-poete-francais\/\",\"url\":\"http:\/\/www.masharif.com\/fr\/2015\/11\/12\/poeme-du-jour-automne-par-jose-le-moigne-poete-francais\/\",\"name\":\"Po\u00e8me du jour : Automne par :Jos\u00e9 Le Moigne \u2013 po\u00e8te fran\u00e7ais - Culminances\",\"isPartOf\":{\"@id\":\"https:\/\/www.masharif.com\/fr\/#website\"},\"primaryImageOfPage\":{\"@id\":\"http:\/\/www.masharif.com\/fr\/2015\/11\/12\/poeme-du-jour-automne-par-jose-le-moigne-poete-francais\/#primaryimage\"},\"datePublished\":\"2015-11-12T04:23:12+00:00\",\"dateModified\":\"2015-11-12T04:23:12+00:00\",\"author\":{\"@id\":\"https:\/\/www.masharif.com\/fr\/#\/schema\/person\/839a7026efe9fa825134097c1041e4a0\"},\"breadcrumb\":{\"@id\":\"http:\/\/www.masharif.com\/fr\/2015\/11\/12\/poeme-du-jour-automne-par-jose-le-moigne-poete-francais\/#breadcrumb\"},\"inLanguage\":\"fr-FR\",\"potentialAction\":[{\"@type\":\"ReadAction\",\"target\":[\"http:\/\/www.masharif.com\/fr\/2015\/11\/12\/poeme-du-jour-automne-par-jose-le-moigne-poete-francais\/\"]}]},{\"@type\":\"BreadcrumbList\",\"@id\":\"http:\/\/www.masharif.com\/fr\/2015\/11\/12\/poeme-du-jour-automne-par-jose-le-moigne-poete-francais\/#breadcrumb\",\"itemListElement\":[{\"@type\":\"ListItem\",\"position\":1,\"name\":\"Home\",\"item\":\"https:\/\/www.masharif.com\/fr\/\"},{\"@type\":\"ListItem\",\"position\":2,\"name\":\"Po\u00e8me du jour : Automne par :Jos\u00e9 Le Moigne \u2013 po\u00e8te fran\u00e7ais\"}]},{\"@type\":\"Person\",\"@id\":\"https:\/\/www.masharif.com\/fr\/#\/schema\/person\/839a7026efe9fa825134097c1041e4a0\",\"name\":\"Mohamed Salah Ben Amor\",\"image\":{\"@type\":\"ImageObject\",\"inLanguage\":\"fr-FR\",\"@id\":\"https:\/\/www.masharif.com\/fr\/#\/schema\/person\/image\/\",\"url\":\"http:\/\/0.gravatar.com\/avatar\/f64806401ad5ed604ffec2272b19ef46?s=96&d=identicon&r=g\",\"contentUrl\":\"http:\/\/0.gravatar.com\/avatar\/f64806401ad5ed604ffec2272b19ef46?s=96&d=identicon&r=g\",\"caption\":\"Mohamed Salah Ben Amor\"},\"sameAs\":[\"http:\/\/ben-amor.info\"],\"url\":\"http:\/\/www.masharif.com\/fr\/author\/msba\/\"}]}<\/script>\n<!-- \/ Yoast SEO plugin. -->","yoast_head_json":{"title":"Po\u00e8me du jour : Automne par :Jos\u00e9 Le Moigne \u2013 po\u00e8te fran\u00e7ais - Culminances","robots":{"index":"index","follow":"follow","max-snippet":"max-snippet:-1","max-image-preview":"max-image-preview:large","max-video-preview":"max-video-preview:-1"},"canonical":"http:\/\/www.masharif.com\/fr\/2015\/11\/12\/poeme-du-jour-automne-par-jose-le-moigne-poete-francais\/","og_locale":"fr_FR","og_type":"article","og_title":"Po\u00e8me du jour : Automne par :Jos\u00e9 Le Moigne \u2013 po\u00e8te fran\u00e7ais - Culminances","og_description":"&nbsp; Je ne pencherai plus je crois du c\u00f4t\u00e9 de la vie. l\u2019arri\u00e8re-pays ne me servira plus de prisme d\u00e9formant. derri\u00e8re l\u2019obstin\u00e9 cillement des paupi\u00e8res du vent l\u2019\u00e9tincelle s&#8217;aveugle De pr\u00e9occupations essentiellement ph\u00e9nom\u00e9nologiques relevant de la sensibilit\u00e9 plus que de la r\u00e9flexion et parfaitement fid\u00e8le \u00e0 son habitude, l\u2019auteur de ce mini-po\u00e8me de forme polygonale, ...","og_url":"http:\/\/www.masharif.com\/fr\/2015\/11\/12\/poeme-du-jour-automne-par-jose-le-moigne-poete-francais\/","og_site_name":"Culminances","article_published_time":"2015-11-12T04:23:12+00:00","og_image":[{"width":960,"height":720,"url":"http:\/\/www.masharif.com\/fr\/wp-content\/uploads\/2015\/11\/307898_4793897251924_881063830_n.jpg","type":"image\/jpeg"}],"author":"Mohamed Salah Ben Amor","twitter_card":"summary","twitter_misc":{"\u00c9crit par":"Mohamed Salah Ben Amor","Dur\u00e9e de lecture estim\u00e9e":"2 minutes"},"schema":{"@context":"https:\/\/schema.org","@graph":[{"@type":"WebSite","@id":"https:\/\/www.masharif.com\/fr\/#website","url":"https:\/\/www.masharif.com\/fr\/","name":"Culminances","description":"","potentialAction":[{"@type":"SearchAction","target":{"@type":"EntryPoint","urlTemplate":"https:\/\/www.masharif.com\/fr\/?s={search_term_string}"},"query-input":"required name=search_term_string"}],"inLanguage":"fr-FR"},{"@type":"ImageObject","inLanguage":"fr-FR","@id":"http:\/\/www.masharif.com\/fr\/2015\/11\/12\/poeme-du-jour-automne-par-jose-le-moigne-poete-francais\/#primaryimage","url":"http:\/\/www.masharif.com\/fr\/wp-content\/uploads\/2015\/11\/307898_4793897251924_881063830_n.jpg","contentUrl":"http:\/\/www.masharif.com\/fr\/wp-content\/uploads\/2015\/11\/307898_4793897251924_881063830_n.jpg","width":960,"height":720},{"@type":"WebPage","@id":"http:\/\/www.masharif.com\/fr\/2015\/11\/12\/poeme-du-jour-automne-par-jose-le-moigne-poete-francais\/","url":"http:\/\/www.masharif.com\/fr\/2015\/11\/12\/poeme-du-jour-automne-par-jose-le-moigne-poete-francais\/","name":"Po\u00e8me du jour : Automne par :Jos\u00e9 Le Moigne \u2013 po\u00e8te fran\u00e7ais - Culminances","isPartOf":{"@id":"https:\/\/www.masharif.com\/fr\/#website"},"primaryImageOfPage":{"@id":"http:\/\/www.masharif.com\/fr\/2015\/11\/12\/poeme-du-jour-automne-par-jose-le-moigne-poete-francais\/#primaryimage"},"datePublished":"2015-11-12T04:23:12+00:00","dateModified":"2015-11-12T04:23:12+00:00","author":{"@id":"https:\/\/www.masharif.com\/fr\/#\/schema\/person\/839a7026efe9fa825134097c1041e4a0"},"breadcrumb":{"@id":"http:\/\/www.masharif.com\/fr\/2015\/11\/12\/poeme-du-jour-automne-par-jose-le-moigne-poete-francais\/#breadcrumb"},"inLanguage":"fr-FR","potentialAction":[{"@type":"ReadAction","target":["http:\/\/www.masharif.com\/fr\/2015\/11\/12\/poeme-du-jour-automne-par-jose-le-moigne-poete-francais\/"]}]},{"@type":"BreadcrumbList","@id":"http:\/\/www.masharif.com\/fr\/2015\/11\/12\/poeme-du-jour-automne-par-jose-le-moigne-poete-francais\/#breadcrumb","itemListElement":[{"@type":"ListItem","position":1,"name":"Home","item":"https:\/\/www.masharif.com\/fr\/"},{"@type":"ListItem","position":2,"name":"Po\u00e8me du jour : Automne par :Jos\u00e9 Le Moigne \u2013 po\u00e8te fran\u00e7ais"}]},{"@type":"Person","@id":"https:\/\/www.masharif.com\/fr\/#\/schema\/person\/839a7026efe9fa825134097c1041e4a0","name":"Mohamed Salah Ben Amor","image":{"@type":"ImageObject","inLanguage":"fr-FR","@id":"https:\/\/www.masharif.com\/fr\/#\/schema\/person\/image\/","url":"http:\/\/0.gravatar.com\/avatar\/f64806401ad5ed604ffec2272b19ef46?s=96&d=identicon&r=g","contentUrl":"http:\/\/0.gravatar.com\/avatar\/f64806401ad5ed604ffec2272b19ef46?s=96&d=identicon&r=g","caption":"Mohamed Salah Ben Amor"},"sameAs":["http:\/\/ben-amor.info"],"url":"http:\/\/www.masharif.com\/fr\/author\/msba\/"}]}},"_links":{"self":[{"href":"http:\/\/www.masharif.com\/fr\/wp-json\/wp\/v2\/posts\/1417"}],"collection":[{"href":"http:\/\/www.masharif.com\/fr\/wp-json\/wp\/v2\/posts"}],"about":[{"href":"http:\/\/www.masharif.com\/fr\/wp-json\/wp\/v2\/types\/post"}],"author":[{"embeddable":true,"href":"http:\/\/www.masharif.com\/fr\/wp-json\/wp\/v2\/users\/2"}],"replies":[{"embeddable":true,"href":"http:\/\/www.masharif.com\/fr\/wp-json\/wp\/v2\/comments?post=1417"}],"version-history":[{"count":1,"href":"http:\/\/www.masharif.com\/fr\/wp-json\/wp\/v2\/posts\/1417\/revisions"}],"predecessor-version":[{"id":1420,"href":"http:\/\/www.masharif.com\/fr\/wp-json\/wp\/v2\/posts\/1417\/revisions\/1420"}],"wp:featuredmedia":[{"embeddable":true,"href":"http:\/\/www.masharif.com\/fr\/wp-json\/wp\/v2\/media\/1418"}],"wp:attachment":[{"href":"http:\/\/www.masharif.com\/fr\/wp-json\/wp\/v2\/media?parent=1417"}],"wp:term":[{"taxonomy":"category","embeddable":true,"href":"http:\/\/www.masharif.com\/fr\/wp-json\/wp\/v2\/categories?post=1417"},{"taxonomy":"post_tag","embeddable":true,"href":"http:\/\/www.masharif.com\/fr\/wp-json\/wp\/v2\/tags?post=1417"}],"curies":[{"name":"wp","href":"https:\/\/api.w.org\/{rel}","templated":true}]}}