{"id":11402,"date":"2021-06-19T21:43:14","date_gmt":"2021-06-19T20:43:14","guid":{"rendered":"http:\/\/www.masharif.com\/fr\/?p=11402"},"modified":"2021-06-19T21:43:15","modified_gmt":"2021-06-19T20:43:15","slug":"la-porte-verte-par-fatima-maaouia-poetesse-tuniso-algerienne-tunis-tunisie","status":"publish","type":"post","link":"http:\/\/www.masharif.com\/fr\/2021\/06\/19\/la-porte-verte-par-fatima-maaouia-poetesse-tuniso-algerienne-tunis-tunisie\/","title":{"rendered":"La porte  verte  par: Fatima Maaouia- po\u00e9tesse tuniso-alg\u00e9rienne \u2013 Tunis &#8211; Tunisie"},"content":{"rendered":"\n<figure class=\"wp-block-image\"><img loading=\"lazy\" width=\"216\" height=\"233\" src=\"http:\/\/www.masharif.com\/fr\/wp-content\/uploads\/2021\/03\/t\u00e9l\u00e9chargement-1.jpg\" alt=\"\" class=\"wp-image-11227\"\/><\/figure>\n\n\n\n<figure class=\"wp-block-image\"><img loading=\"lazy\" width=\"465\" height=\"623\" src=\"http:\/\/www.masharif.com\/fr\/wp-content\/uploads\/2021\/06\/62523094_1274613869382163_3920283269744033792_n.jpg\" alt=\"\" class=\"wp-image-11403\" srcset=\"http:\/\/www.masharif.com\/fr\/wp-content\/uploads\/2021\/06\/62523094_1274613869382163_3920283269744033792_n.jpg 465w, http:\/\/www.masharif.com\/fr\/wp-content\/uploads\/2021\/06\/62523094_1274613869382163_3920283269744033792_n-224x300.jpg 224w\" sizes=\"(max-width: 465px) 100vw, 465px\" \/><\/figure>\n\n\n\n<p><strong>Une si\ntriste porte esseul\u00e9e <\/strong><\/p>\n\n\n\n<p><strong>Sur la route\npourtant ensoleill\u00e9e <\/strong><\/p>\n\n\n\n<p><strong>De colliers\nde villas fortun\u00e9es \u00e9maill\u00e9es<\/strong><\/p>\n\n\n\n<p><strong>Et tout le\nlong d&#8217;h\u00f4tels cinq \u00e9toiles festonn\u00e9e<\/strong><\/p>\n\n\n\n<p><strong>M&#8217;a\ninterpell\u00e9e, lors de ma randonn\u00e9e <\/strong><\/p>\n\n\n\n<p><strong>Dr\u00f4le de\ndestin\u00e9e !<\/strong><\/p>\n\n\n\n<p><strong>Couleurs,\nlustre et appr\u00eats <\/strong><\/p>\n\n\n\n<p><strong>\u00c9prouv\u00e9s par\nl&#8217;\u00e2ge <\/strong><\/p>\n\n\n\n<p><strong>Quel\nnaufrage !<\/strong><\/p>\n\n\n\n<p><strong>Lui\naurait-on jet\u00e9 un sort ?<\/strong><\/p>\n\n\n\n<p><strong>\u00d4, ma vie !<\/strong><\/p>\n\n\n\n<p><strong>D\u00e9sarmant !<\/strong><\/p>\n\n\n\n<p><strong>Cette porte\ndans un paysage <\/strong><\/p>\n\n\n\n<p><strong>Par ailleurs\nsi charmant et verdoyant <\/strong><\/p>\n\n\n\n<p><strong>Telle\nqu&#8217;elle, <\/strong><\/p>\n\n\n\n<p><strong>Assign\u00e9e \u00e0\nr\u00e9sidence dans sa colle de ciment <\/strong><\/p>\n\n\n\n<p><strong>Mais ma\nparole !<\/strong><\/p>\n\n\n\n<p><strong>Pour quelle\nsurvie ?<\/strong><\/p>\n\n\n\n<p><strong>Garder\nintact l&#8217;or<\/strong><\/p>\n\n\n\n<p><strong>De beaux\nmoments ? <\/strong><\/p>\n\n\n\n<p><strong>Non !<\/strong><\/p>\n\n\n\n<p><strong>Elle pleure\nvraiment <\/strong><\/p>\n\n\n\n<p><strong>Au passage\ndu passant et plus encore <\/strong><\/p>\n\n\n\n<p><strong>Lorsqu&#8217;elle\nme vit <\/strong><\/p>\n\n\n\n<p><strong>Et je vis<\/strong><\/p>\n\n\n\n<p><strong>Abri d\u00e9cati <\/strong><\/p>\n\n\n\n<p><strong>V\u00eatue\nd&#8217;ombre et de nuit <\/strong><\/p>\n\n\n\n<p><strong>\u00c0\nl&#8217;int\u00e9rieur de ses plis <\/strong><\/p>\n\n\n\n<p><strong>Riche et\ncombl\u00e9 de l&#8217;int\u00e9rieur <\/strong><\/p>\n\n\n\n<p><strong>Aucun soufi\nn&#8217;y vit <\/strong><\/p>\n\n\n\n<p><strong>Et je n&#8217;y\nvis <\/strong><\/p>\n\n\n\n<p><strong>L\u00e8vres\ncloses ni plante ni enfant ni fleur <\/strong><\/p>\n\n\n\n<p><strong>On dirait\nqu&#8217;on lui a pris son coeur<\/strong><\/p>\n\n\n\n<p><strong>Sans\nfen\u00eatre, sans rire, sans \u00eatres<\/strong><\/p>\n\n\n\n<p><strong>\u00c0 quoi bon\n\u00eatre ? <\/strong><\/p>\n\n\n\n<p><strong>Lui\naurait-on jet\u00e9 un sort ?<\/strong><\/p>\n\n\n\n<p><strong>Pauvre c\u0153ur <\/strong><\/p>\n\n\n\n<p><strong>Son ma\u00eetre\nserait-il mort ?<\/strong><\/p>\n\n\n\n<p><strong>Myst\u00e8re !<\/strong><\/p>\n\n\n\n<p><strong>Ciel ! <\/strong><\/p>\n\n\n\n<p><strong>Sinistre\nfait divers ? <\/strong><\/p>\n\n\n\n<p><strong>Crime\npassionnel ? <\/strong><\/p>\n\n\n\n<p><strong>Rouill\u00e9e la\nserrure aux l\u00e8vres du sourire !<\/strong><\/p>\n\n\n\n<p><strong>\u00c0\nl&#8217;int\u00e9rieur o\u00f9, il n&#8217;y avait que de l&#8217;amour&#8230;<\/strong><\/p>\n\n\n\n<p><strong>Retournant\nles entrailles <\/strong><\/p>\n\n\n\n<p><strong>Fermant \u00e0\ndouble tour<\/strong><\/p>\n\n\n\n<p><strong>Complicit\u00e9\net rire<\/strong><\/p>\n\n\n\n<p><strong>Emmurant\njoie et murmures<\/strong><\/p>\n\n\n\n<p><strong>S\u00e9chant\njasmin puits et treille en deuil <\/strong><\/p>\n\n\n\n<p><strong>Et s\u00e8chement\ncl\u00f4turant le portail <\/strong><\/p>\n\n\n\n<p><strong>D&#8217;une belle\nhistoire <\/strong><\/p>\n\n\n\n<p><strong>D\u00e9sormais\ncas\u00e9e dans de sombres tiroirs &#8230;<\/strong><\/p>\n\n\n\n<p><strong>Un divorce\naurait mal tourn\u00e9 ?<\/strong><\/p>\n\n\n\n<p><strong>Vertige<\/strong><\/p>\n\n\n\n<p><strong>Yeux mornes\nd\u00e9sol\u00e9s <\/strong><\/p>\n\n\n\n<p><strong>O\u00f9 le regard\nse fige<\/strong><\/p>\n\n\n\n<p><strong>L\u00e8vres\nscell\u00e9es <\/strong><\/p>\n\n\n\n<p><strong>Quel mot\njailli cri du coeur ?<\/strong><\/p>\n\n\n\n<p><strong>Quelle fleur\n? <\/strong><\/p>\n\n\n\n<p><strong>Quelle bonne\nblague lui servir<\/strong><\/p>\n\n\n\n<p><strong>Pour lui\narracher un sourire ?<\/strong><\/p>\n\n\n\n<p><strong>Quelle\nbougie allumer<\/strong><\/p>\n\n\n\n<p><strong>Pour la\nconsoler <\/strong><\/p>\n\n\n\n<p><strong>De sa\nsolitude<\/strong><\/p>\n\n\n\n<p><strong>Et de la\nfroide et gris\u00e2tre motte de ciment humide<\/strong><\/p>\n\n\n\n<p><strong>Agr\u00e9mentant\nall\u00e8grement environnent aride <\/strong><\/p>\n\n\n\n<p><strong>Et front\nimpavide ? <\/strong><\/p>\n\n\n\n<p><strong>Erreur de\njugement !<\/strong><\/p>\n\n\n\n<p><strong>Quelle main\nimb\u00e9cile<\/strong><\/p>\n\n\n\n<p><strong>Se trompant\nsur sa nature<\/strong><\/p>\n\n\n\n<p><strong>A cru bon<\/strong><\/p>\n\n\n\n<p><strong>Au lieu de\nfleurs d&#8217;un p&#8217;tit banc<\/strong><\/p>\n\n\n\n<p><strong>Peint\ncouleur bonbon <\/strong><\/p>\n\n\n\n<p><strong>De couler le\nb\u00e9ton<\/strong><\/p>\n\n\n\n<p><strong>Impur<\/strong><\/p>\n\n\n\n<p><strong>Jusque sur\nle perron <\/strong><\/p>\n\n\n\n<p><strong>Coagulant\npieds agiles et horizon mouvant mobile<\/strong><\/p>\n\n\n\n<p><strong>Emp\u00eachant\ntoute envol\u00e9e \u00e9triers illumin\u00e9s<\/strong><\/p>\n\n\n\n<p><strong>vers l&#8217;azur <\/strong><\/p>\n\n\n\n<p><strong>Malgr\u00e9 tout,\nelle tient debout <\/strong><\/p>\n\n\n\n<p><strong>Porte le\nnum\u00e9ro 1&#8230;du renouveau&#8230;<\/strong><\/p>\n\n\n\n<p><strong>Sous l&#8217;arc <\/strong><\/p>\n\n\n\n<p><strong>De l&#8217;arcade\nsourcili\u00e8re rev\u00eache et bourrue<\/strong><\/p>\n\n\n\n<p><strong>D&#8217;o\u00f9 ne\nfiltre aucune lumi\u00e8re &#8230;<\/strong><\/p>\n\n\n\n<p><strong>Lui sert de\nmanteau rong\u00e9 de poussi\u00e8re <\/strong><\/p>\n\n\n\n<p><strong>Tiens !<\/strong><\/p>\n\n\n\n<p><strong>Le Vert\nmarabout bon teint <\/strong><\/p>\n\n\n\n<p><strong>Henn\u00e9 du\nparadis <\/strong><\/p>\n\n\n\n<p><strong>Oint<\/strong><\/p>\n\n\n\n<p><strong>Qui fait du\nporte \u00e0 porte<\/strong><\/p>\n\n\n\n<p><strong>Qui fait de\nl&#8217;\u0153il au soleil<\/strong><\/p>\n\n\n\n<p><strong>Contre le\nmauvais oeil <\/strong><\/p>\n\n\n\n<p><strong>Et partout\ns&#8217;exporte<\/strong><\/p>\n\n\n\n<p><strong>Auquel on\nembrasserait bien la main<\/strong><\/p>\n\n\n\n<p><strong>Et pour\nlequel on se mettrait \u00e0 genoux <\/strong><\/p>\n\n\n\n<p><strong>Tant il\nsoignerait de saints et de fous<\/strong><\/p>\n\n\n\n<p><strong>C&#8217;est fou <\/strong><\/p>\n\n\n\n<p><strong>Mais, voyez-\nvous <\/strong><\/p>\n\n\n\n<p><strong>Le probl\u00e8me,\navec les fous <\/strong><\/p>\n\n\n\n<p><strong>C&#8217;est qu&#8217;il\ny en trop <\/strong><\/p>\n\n\n\n<p><strong>Trop autour\nde nous de fous&#8230;pas assez fous<\/strong><\/p>\n\n\n\n<p><strong>Dit le saint\nmarabout<\/strong><strong><br>\n<br>\n<\/strong><\/p>\n","protected":false},"excerpt":{"rendered":"<p>Une si triste porte esseul\u00e9e Sur la route pourtant ensoleill\u00e9e De colliers de villas fortun\u00e9es \u00e9maill\u00e9es Et tout le long d&#8217;h\u00f4tels cinq \u00e9toiles festonn\u00e9e M&#8217;a interpell\u00e9e, lors de ma randonn\u00e9e Dr\u00f4le de destin\u00e9e ! Couleurs, lustre et appr\u00eats \u00c9prouv\u00e9s par l&#8217;\u00e2ge Quel naufrage ! Lui aurait-on jet\u00e9 un sort ? \u00d4, ma vie ! D\u00e9sarmant &#8230;<\/p>\n","protected":false},"author":2,"featured_media":11403,"comment_status":"open","ping_status":"open","sticky":false,"template":"","format":"standard","meta":[],"categories":[4],"tags":[],"yoast_head":"<!-- This site is optimized with the Yoast SEO plugin v19.3 - https:\/\/yoast.com\/wordpress\/plugins\/seo\/ -->\n<title>La porte verte par: Fatima Maaouia- po\u00e9tesse tuniso-alg\u00e9rienne \u2013 Tunis - Tunisie - Culminances<\/title>\n<meta name=\"robots\" content=\"index, follow, max-snippet:-1, max-image-preview:large, max-video-preview:-1\" \/>\n<link rel=\"canonical\" href=\"https:\/\/www.masharif.com\/fr\/2021\/06\/19\/la-porte-verte-par-fatima-maaouia-poetesse-tuniso-algerienne-tunis-tunisie\/\" \/>\n<meta property=\"og:locale\" content=\"fr_FR\" \/>\n<meta property=\"og:type\" content=\"article\" \/>\n<meta property=\"og:title\" content=\"La porte verte par: Fatima Maaouia- po\u00e9tesse tuniso-alg\u00e9rienne \u2013 Tunis - Tunisie - Culminances\" \/>\n<meta property=\"og:description\" content=\"Une si triste porte esseul\u00e9e Sur la route pourtant ensoleill\u00e9e De colliers de villas fortun\u00e9es \u00e9maill\u00e9es Et tout le long d&#8217;h\u00f4tels cinq \u00e9toiles festonn\u00e9e M&#8217;a interpell\u00e9e, lors de ma randonn\u00e9e Dr\u00f4le de destin\u00e9e ! Couleurs, lustre et appr\u00eats \u00c9prouv\u00e9s par l&#8217;\u00e2ge Quel naufrage ! Lui aurait-on jet\u00e9 un sort ? \u00d4, ma vie ! D\u00e9sarmant ...\" \/>\n<meta property=\"og:url\" content=\"https:\/\/www.masharif.com\/fr\/2021\/06\/19\/la-porte-verte-par-fatima-maaouia-poetesse-tuniso-algerienne-tunis-tunisie\/\" \/>\n<meta property=\"og:site_name\" content=\"Culminances\" \/>\n<meta property=\"article:published_time\" content=\"2021-06-19T20:43:14+00:00\" \/>\n<meta property=\"article:modified_time\" content=\"2021-06-19T20:43:15+00:00\" \/>\n<meta property=\"og:image\" content=\"https:\/\/www.masharif.com\/fr\/wp-content\/uploads\/2021\/06\/62523094_1274613869382163_3920283269744033792_n.jpg\" \/>\n\t<meta property=\"og:image:width\" content=\"465\" \/>\n\t<meta property=\"og:image:height\" content=\"623\" \/>\n\t<meta property=\"og:image:type\" content=\"image\/jpeg\" \/>\n<meta name=\"author\" content=\"Mohamed Salah Ben Amor\" \/>\n<meta name=\"twitter:card\" content=\"summary\" \/>\n<meta name=\"twitter:label1\" content=\"\u00c9crit par\" \/>\n\t<meta name=\"twitter:data1\" content=\"Mohamed Salah Ben Amor\" \/>\n\t<meta name=\"twitter:label2\" content=\"Dur\u00e9e de lecture estim\u00e9e\" \/>\n\t<meta name=\"twitter:data2\" content=\"2 minutes\" \/>\n<script type=\"application\/ld+json\" class=\"yoast-schema-graph\">{\"@context\":\"https:\/\/schema.org\",\"@graph\":[{\"@type\":\"WebSite\",\"@id\":\"http:\/\/www.masharif.com\/fr\/#website\",\"url\":\"http:\/\/www.masharif.com\/fr\/\",\"name\":\"Culminances\",\"description\":\"\",\"potentialAction\":[{\"@type\":\"SearchAction\",\"target\":{\"@type\":\"EntryPoint\",\"urlTemplate\":\"http:\/\/www.masharif.com\/fr\/?s={search_term_string}\"},\"query-input\":\"required name=search_term_string\"}],\"inLanguage\":\"fr-FR\"},{\"@type\":\"ImageObject\",\"inLanguage\":\"fr-FR\",\"@id\":\"https:\/\/www.masharif.com\/fr\/2021\/06\/19\/la-porte-verte-par-fatima-maaouia-poetesse-tuniso-algerienne-tunis-tunisie\/#primaryimage\",\"url\":\"http:\/\/www.masharif.com\/fr\/wp-content\/uploads\/2021\/06\/62523094_1274613869382163_3920283269744033792_n.jpg\",\"contentUrl\":\"http:\/\/www.masharif.com\/fr\/wp-content\/uploads\/2021\/06\/62523094_1274613869382163_3920283269744033792_n.jpg\",\"width\":465,\"height\":623},{\"@type\":\"WebPage\",\"@id\":\"https:\/\/www.masharif.com\/fr\/2021\/06\/19\/la-porte-verte-par-fatima-maaouia-poetesse-tuniso-algerienne-tunis-tunisie\/\",\"url\":\"https:\/\/www.masharif.com\/fr\/2021\/06\/19\/la-porte-verte-par-fatima-maaouia-poetesse-tuniso-algerienne-tunis-tunisie\/\",\"name\":\"La porte verte par: Fatima Maaouia- po\u00e9tesse tuniso-alg\u00e9rienne \u2013 Tunis - Tunisie - Culminances\",\"isPartOf\":{\"@id\":\"http:\/\/www.masharif.com\/fr\/#website\"},\"primaryImageOfPage\":{\"@id\":\"https:\/\/www.masharif.com\/fr\/2021\/06\/19\/la-porte-verte-par-fatima-maaouia-poetesse-tuniso-algerienne-tunis-tunisie\/#primaryimage\"},\"datePublished\":\"2021-06-19T20:43:14+00:00\",\"dateModified\":\"2021-06-19T20:43:15+00:00\",\"author\":{\"@id\":\"http:\/\/www.masharif.com\/fr\/#\/schema\/person\/839a7026efe9fa825134097c1041e4a0\"},\"breadcrumb\":{\"@id\":\"https:\/\/www.masharif.com\/fr\/2021\/06\/19\/la-porte-verte-par-fatima-maaouia-poetesse-tuniso-algerienne-tunis-tunisie\/#breadcrumb\"},\"inLanguage\":\"fr-FR\",\"potentialAction\":[{\"@type\":\"ReadAction\",\"target\":[\"https:\/\/www.masharif.com\/fr\/2021\/06\/19\/la-porte-verte-par-fatima-maaouia-poetesse-tuniso-algerienne-tunis-tunisie\/\"]}]},{\"@type\":\"BreadcrumbList\",\"@id\":\"https:\/\/www.masharif.com\/fr\/2021\/06\/19\/la-porte-verte-par-fatima-maaouia-poetesse-tuniso-algerienne-tunis-tunisie\/#breadcrumb\",\"itemListElement\":[{\"@type\":\"ListItem\",\"position\":1,\"name\":\"Home\",\"item\":\"http:\/\/www.masharif.com\/fr\/\"},{\"@type\":\"ListItem\",\"position\":2,\"name\":\"La porte verte par: Fatima Maaouia- po\u00e9tesse tuniso-alg\u00e9rienne \u2013 Tunis &#8211; Tunisie\"}]},{\"@type\":\"Person\",\"@id\":\"http:\/\/www.masharif.com\/fr\/#\/schema\/person\/839a7026efe9fa825134097c1041e4a0\",\"name\":\"Mohamed Salah Ben Amor\",\"image\":{\"@type\":\"ImageObject\",\"inLanguage\":\"fr-FR\",\"@id\":\"http:\/\/www.masharif.com\/fr\/#\/schema\/person\/image\/\",\"url\":\"http:\/\/0.gravatar.com\/avatar\/f64806401ad5ed604ffec2272b19ef46?s=96&d=identicon&r=g\",\"contentUrl\":\"http:\/\/0.gravatar.com\/avatar\/f64806401ad5ed604ffec2272b19ef46?s=96&d=identicon&r=g\",\"caption\":\"Mohamed Salah Ben Amor\"},\"sameAs\":[\"http:\/\/ben-amor.info\"],\"url\":\"http:\/\/www.masharif.com\/fr\/author\/msba\/\"}]}<\/script>\n<!-- \/ Yoast SEO plugin. -->","yoast_head_json":{"title":"La porte verte par: Fatima Maaouia- po\u00e9tesse tuniso-alg\u00e9rienne \u2013 Tunis - Tunisie - Culminances","robots":{"index":"index","follow":"follow","max-snippet":"max-snippet:-1","max-image-preview":"max-image-preview:large","max-video-preview":"max-video-preview:-1"},"canonical":"https:\/\/www.masharif.com\/fr\/2021\/06\/19\/la-porte-verte-par-fatima-maaouia-poetesse-tuniso-algerienne-tunis-tunisie\/","og_locale":"fr_FR","og_type":"article","og_title":"La porte verte par: Fatima Maaouia- po\u00e9tesse tuniso-alg\u00e9rienne \u2013 Tunis - Tunisie - Culminances","og_description":"Une si triste porte esseul\u00e9e Sur la route pourtant ensoleill\u00e9e De colliers de villas fortun\u00e9es \u00e9maill\u00e9es Et tout le long d&#8217;h\u00f4tels cinq \u00e9toiles festonn\u00e9e M&#8217;a interpell\u00e9e, lors de ma randonn\u00e9e Dr\u00f4le de destin\u00e9e ! Couleurs, lustre et appr\u00eats \u00c9prouv\u00e9s par l&#8217;\u00e2ge Quel naufrage ! Lui aurait-on jet\u00e9 un sort ? \u00d4, ma vie ! D\u00e9sarmant ...","og_url":"https:\/\/www.masharif.com\/fr\/2021\/06\/19\/la-porte-verte-par-fatima-maaouia-poetesse-tuniso-algerienne-tunis-tunisie\/","og_site_name":"Culminances","article_published_time":"2021-06-19T20:43:14+00:00","article_modified_time":"2021-06-19T20:43:15+00:00","og_image":[{"width":465,"height":623,"url":"https:\/\/www.masharif.com\/fr\/wp-content\/uploads\/2021\/06\/62523094_1274613869382163_3920283269744033792_n.jpg","type":"image\/jpeg"}],"author":"Mohamed Salah Ben Amor","twitter_card":"summary","twitter_misc":{"\u00c9crit par":"Mohamed Salah Ben Amor","Dur\u00e9e de lecture estim\u00e9e":"2 minutes"},"schema":{"@context":"https:\/\/schema.org","@graph":[{"@type":"WebSite","@id":"http:\/\/www.masharif.com\/fr\/#website","url":"http:\/\/www.masharif.com\/fr\/","name":"Culminances","description":"","potentialAction":[{"@type":"SearchAction","target":{"@type":"EntryPoint","urlTemplate":"http:\/\/www.masharif.com\/fr\/?s={search_term_string}"},"query-input":"required name=search_term_string"}],"inLanguage":"fr-FR"},{"@type":"ImageObject","inLanguage":"fr-FR","@id":"https:\/\/www.masharif.com\/fr\/2021\/06\/19\/la-porte-verte-par-fatima-maaouia-poetesse-tuniso-algerienne-tunis-tunisie\/#primaryimage","url":"http:\/\/www.masharif.com\/fr\/wp-content\/uploads\/2021\/06\/62523094_1274613869382163_3920283269744033792_n.jpg","contentUrl":"http:\/\/www.masharif.com\/fr\/wp-content\/uploads\/2021\/06\/62523094_1274613869382163_3920283269744033792_n.jpg","width":465,"height":623},{"@type":"WebPage","@id":"https:\/\/www.masharif.com\/fr\/2021\/06\/19\/la-porte-verte-par-fatima-maaouia-poetesse-tuniso-algerienne-tunis-tunisie\/","url":"https:\/\/www.masharif.com\/fr\/2021\/06\/19\/la-porte-verte-par-fatima-maaouia-poetesse-tuniso-algerienne-tunis-tunisie\/","name":"La porte verte par: Fatima Maaouia- po\u00e9tesse tuniso-alg\u00e9rienne \u2013 Tunis - Tunisie - Culminances","isPartOf":{"@id":"http:\/\/www.masharif.com\/fr\/#website"},"primaryImageOfPage":{"@id":"https:\/\/www.masharif.com\/fr\/2021\/06\/19\/la-porte-verte-par-fatima-maaouia-poetesse-tuniso-algerienne-tunis-tunisie\/#primaryimage"},"datePublished":"2021-06-19T20:43:14+00:00","dateModified":"2021-06-19T20:43:15+00:00","author":{"@id":"http:\/\/www.masharif.com\/fr\/#\/schema\/person\/839a7026efe9fa825134097c1041e4a0"},"breadcrumb":{"@id":"https:\/\/www.masharif.com\/fr\/2021\/06\/19\/la-porte-verte-par-fatima-maaouia-poetesse-tuniso-algerienne-tunis-tunisie\/#breadcrumb"},"inLanguage":"fr-FR","potentialAction":[{"@type":"ReadAction","target":["https:\/\/www.masharif.com\/fr\/2021\/06\/19\/la-porte-verte-par-fatima-maaouia-poetesse-tuniso-algerienne-tunis-tunisie\/"]}]},{"@type":"BreadcrumbList","@id":"https:\/\/www.masharif.com\/fr\/2021\/06\/19\/la-porte-verte-par-fatima-maaouia-poetesse-tuniso-algerienne-tunis-tunisie\/#breadcrumb","itemListElement":[{"@type":"ListItem","position":1,"name":"Home","item":"http:\/\/www.masharif.com\/fr\/"},{"@type":"ListItem","position":2,"name":"La porte verte par: Fatima Maaouia- po\u00e9tesse tuniso-alg\u00e9rienne \u2013 Tunis &#8211; Tunisie"}]},{"@type":"Person","@id":"http:\/\/www.masharif.com\/fr\/#\/schema\/person\/839a7026efe9fa825134097c1041e4a0","name":"Mohamed Salah Ben Amor","image":{"@type":"ImageObject","inLanguage":"fr-FR","@id":"http:\/\/www.masharif.com\/fr\/#\/schema\/person\/image\/","url":"http:\/\/0.gravatar.com\/avatar\/f64806401ad5ed604ffec2272b19ef46?s=96&d=identicon&r=g","contentUrl":"http:\/\/0.gravatar.com\/avatar\/f64806401ad5ed604ffec2272b19ef46?s=96&d=identicon&r=g","caption":"Mohamed Salah Ben Amor"},"sameAs":["http:\/\/ben-amor.info"],"url":"http:\/\/www.masharif.com\/fr\/author\/msba\/"}]}},"_links":{"self":[{"href":"http:\/\/www.masharif.com\/fr\/wp-json\/wp\/v2\/posts\/11402"}],"collection":[{"href":"http:\/\/www.masharif.com\/fr\/wp-json\/wp\/v2\/posts"}],"about":[{"href":"http:\/\/www.masharif.com\/fr\/wp-json\/wp\/v2\/types\/post"}],"author":[{"embeddable":true,"href":"http:\/\/www.masharif.com\/fr\/wp-json\/wp\/v2\/users\/2"}],"replies":[{"embeddable":true,"href":"http:\/\/www.masharif.com\/fr\/wp-json\/wp\/v2\/comments?post=11402"}],"version-history":[{"count":1,"href":"http:\/\/www.masharif.com\/fr\/wp-json\/wp\/v2\/posts\/11402\/revisions"}],"predecessor-version":[{"id":11404,"href":"http:\/\/www.masharif.com\/fr\/wp-json\/wp\/v2\/posts\/11402\/revisions\/11404"}],"wp:featuredmedia":[{"embeddable":true,"href":"http:\/\/www.masharif.com\/fr\/wp-json\/wp\/v2\/media\/11403"}],"wp:attachment":[{"href":"http:\/\/www.masharif.com\/fr\/wp-json\/wp\/v2\/media?parent=11402"}],"wp:term":[{"taxonomy":"category","embeddable":true,"href":"http:\/\/www.masharif.com\/fr\/wp-json\/wp\/v2\/categories?post=11402"},{"taxonomy":"post_tag","embeddable":true,"href":"http:\/\/www.masharif.com\/fr\/wp-json\/wp\/v2\/tags?post=11402"}],"curies":[{"name":"wp","href":"https:\/\/api.w.org\/{rel}","templated":true}]}}