{"id":11382,"date":"2021-06-02T19:44:58","date_gmt":"2021-06-02T18:44:58","guid":{"rendered":"http:\/\/www.masharif.com\/fr\/?p=11382"},"modified":"2021-06-02T19:44:59","modified_gmt":"2021-06-02T18:44:59","slug":"sur-cette-terre-par-ahmed-safir-fes-maroc","status":"publish","type":"post","link":"http:\/\/www.masharif.com\/fr\/2021\/06\/02\/sur-cette-terre-par-ahmed-safir-fes-maroc\/","title":{"rendered":"Sur cette terre par: Ahmed Safir \u2013 F\u00e8s &#8211; Maroc"},"content":{"rendered":"\n<figure class=\"wp-block-image\"><img loading=\"lazy\" width=\"780\" height=\"791\" src=\"http:\/\/www.masharif.com\/fr\/wp-content\/uploads\/2021\/01\/t\u00e9l\u00e9chargement-1.jpg\" alt=\"\" class=\"wp-image-11097\" srcset=\"http:\/\/www.masharif.com\/fr\/wp-content\/uploads\/2021\/01\/t\u00e9l\u00e9chargement-1.jpg 780w, http:\/\/www.masharif.com\/fr\/wp-content\/uploads\/2021\/01\/t\u00e9l\u00e9chargement-1-296x300.jpg 296w, http:\/\/www.masharif.com\/fr\/wp-content\/uploads\/2021\/01\/t\u00e9l\u00e9chargement-1-768x779.jpg 768w, http:\/\/www.masharif.com\/fr\/wp-content\/uploads\/2021\/01\/t\u00e9l\u00e9chargement-1-55x55.jpg 55w\" sizes=\"(max-width: 780px) 100vw, 780px\" \/><\/figure>\n\n\n\n<figure class=\"wp-block-image\"><img loading=\"lazy\" width=\"1024\" height=\"599\" src=\"http:\/\/www.masharif.com\/fr\/wp-content\/uploads\/2021\/06\/lecobron200801234-1024x599.jpg\" alt=\"\" class=\"wp-image-11383\" srcset=\"http:\/\/www.masharif.com\/fr\/wp-content\/uploads\/2021\/06\/lecobron200801234-1024x599.jpg 1024w, http:\/\/www.masharif.com\/fr\/wp-content\/uploads\/2021\/06\/lecobron200801234-300x175.jpg 300w, http:\/\/www.masharif.com\/fr\/wp-content\/uploads\/2021\/06\/lecobron200801234-768x449.jpg 768w, http:\/\/www.masharif.com\/fr\/wp-content\/uploads\/2021\/06\/lecobron200801234.jpg 1125w\" sizes=\"(max-width: 1024px) 100vw, 1024px\" \/><\/figure>\n\n\n\n<p><strong>Sur cette terre<br> avant qu&#8217;il n&#8217;y ait <br> murailles et serres<br> Sur cette terre<br> Vivaient<br> nos p\u00e8res<br> Vivaient <br> nos m\u00e8res<br> Vivaient <br> nos fr\u00e8res <br> Nous cohabitions<br> Dans un bonheur<br> \u00c9ph\u00e9m\u00e8re <br> Nous habitions<br> Les campagnes <br> et les villes<br> Nous parcourions<br> toutes les art\u00e8res <br> Nous cultivions<br> ces terres <br> Nous ramassions<br> les pierres<br> Nous construisions<br> des villes enti\u00e8res <br> H\u00e9las !<br> C&#8217;\u00e9tait nagu\u00e8re <br> Avant d&#8217;\u00eatre vendus<br> Aux hordes sauvages <br> Qui se sont r\u00e9pandus <br> Semant le carnage<br> Volant n\u00f4tre h\u00e9ritage <br> Accumul\u00e9 <br> durant les \u00e2ges <br> Par menaces <br> et chantages\u00a0 <br> Ce f\u00fbt l&#8217;horreur<br> L&#8217;exode dans la douleur <br> Fuyant les affres <br> de la guerre<br> Sous les yeux <br> de nos fr\u00e8res <br> Qui se contentent <br> de v\u0153ux pieux.<br> <br> Ahmed Saf<\/strong><\/p>\n","protected":false},"excerpt":{"rendered":"<p>Sur cette terre avant qu&#8217;il n&#8217;y ait murailles et serres Sur cette terre Vivaient nos p\u00e8res Vivaient nos m\u00e8res Vivaient nos fr\u00e8res Nous cohabitions Dans un bonheur \u00c9ph\u00e9m\u00e8re Nous habitions Les campagnes et les villes Nous parcourions toutes les art\u00e8res Nous cultivions ces terres Nous ramassions les pierres Nous construisions des villes enti\u00e8res H\u00e9las ! &#8230;<\/p>\n","protected":false},"author":2,"featured_media":11383,"comment_status":"open","ping_status":"open","sticky":false,"template":"","format":"standard","meta":[],"categories":[4],"tags":[],"yoast_head":"<!-- This site is optimized with the Yoast SEO plugin v19.3 - https:\/\/yoast.com\/wordpress\/plugins\/seo\/ -->\n<title>Sur cette terre par: Ahmed Safir \u2013 F\u00e8s - Maroc - Culminances<\/title>\n<meta name=\"robots\" content=\"index, follow, max-snippet:-1, max-image-preview:large, max-video-preview:-1\" \/>\n<link rel=\"canonical\" href=\"https:\/\/www.masharif.com\/fr\/2021\/06\/02\/sur-cette-terre-par-ahmed-safir-fes-maroc\/\" \/>\n<meta property=\"og:locale\" content=\"fr_FR\" \/>\n<meta property=\"og:type\" content=\"article\" \/>\n<meta property=\"og:title\" content=\"Sur cette terre par: Ahmed Safir \u2013 F\u00e8s - Maroc - Culminances\" \/>\n<meta property=\"og:description\" content=\"Sur cette terre avant qu&#8217;il n&#8217;y ait murailles et serres Sur cette terre Vivaient nos p\u00e8res Vivaient nos m\u00e8res Vivaient nos fr\u00e8res Nous cohabitions Dans un bonheur \u00c9ph\u00e9m\u00e8re Nous habitions Les campagnes et les villes Nous parcourions toutes les art\u00e8res Nous cultivions ces terres Nous ramassions les pierres Nous construisions des villes enti\u00e8res H\u00e9las ! ...\" \/>\n<meta property=\"og:url\" content=\"https:\/\/www.masharif.com\/fr\/2021\/06\/02\/sur-cette-terre-par-ahmed-safir-fes-maroc\/\" \/>\n<meta property=\"og:site_name\" content=\"Culminances\" \/>\n<meta property=\"article:published_time\" content=\"2021-06-02T18:44:58+00:00\" \/>\n<meta property=\"article:modified_time\" content=\"2021-06-02T18:44:59+00:00\" \/>\n<meta property=\"og:image\" content=\"https:\/\/www.masharif.com\/fr\/wp-content\/uploads\/2021\/06\/lecobron200801234.jpg\" \/>\n\t<meta property=\"og:image:width\" content=\"1125\" \/>\n\t<meta property=\"og:image:height\" content=\"658\" \/>\n\t<meta property=\"og:image:type\" content=\"image\/jpeg\" \/>\n<meta name=\"author\" content=\"Mohamed Salah Ben Amor\" \/>\n<meta name=\"twitter:card\" content=\"summary\" \/>\n<meta name=\"twitter:label1\" content=\"\u00c9crit par\" \/>\n\t<meta name=\"twitter:data1\" content=\"Mohamed Salah Ben Amor\" \/>\n\t<meta name=\"twitter:label2\" content=\"Dur\u00e9e de lecture estim\u00e9e\" \/>\n\t<meta name=\"twitter:data2\" content=\"1 minute\" \/>\n<script type=\"application\/ld+json\" class=\"yoast-schema-graph\">{\"@context\":\"https:\/\/schema.org\",\"@graph\":[{\"@type\":\"WebSite\",\"@id\":\"https:\/\/www.masharif.com\/fr\/#website\",\"url\":\"https:\/\/www.masharif.com\/fr\/\",\"name\":\"Culminances\",\"description\":\"\",\"potentialAction\":[{\"@type\":\"SearchAction\",\"target\":{\"@type\":\"EntryPoint\",\"urlTemplate\":\"https:\/\/www.masharif.com\/fr\/?s={search_term_string}\"},\"query-input\":\"required name=search_term_string\"}],\"inLanguage\":\"fr-FR\"},{\"@type\":\"ImageObject\",\"inLanguage\":\"fr-FR\",\"@id\":\"https:\/\/www.masharif.com\/fr\/2021\/06\/02\/sur-cette-terre-par-ahmed-safir-fes-maroc\/#primaryimage\",\"url\":\"http:\/\/www.masharif.com\/fr\/wp-content\/uploads\/2021\/06\/lecobron200801234.jpg\",\"contentUrl\":\"http:\/\/www.masharif.com\/fr\/wp-content\/uploads\/2021\/06\/lecobron200801234.jpg\",\"width\":1125,\"height\":658},{\"@type\":\"WebPage\",\"@id\":\"https:\/\/www.masharif.com\/fr\/2021\/06\/02\/sur-cette-terre-par-ahmed-safir-fes-maroc\/\",\"url\":\"https:\/\/www.masharif.com\/fr\/2021\/06\/02\/sur-cette-terre-par-ahmed-safir-fes-maroc\/\",\"name\":\"Sur cette terre par: Ahmed Safir \u2013 F\u00e8s - Maroc - Culminances\",\"isPartOf\":{\"@id\":\"https:\/\/www.masharif.com\/fr\/#website\"},\"primaryImageOfPage\":{\"@id\":\"https:\/\/www.masharif.com\/fr\/2021\/06\/02\/sur-cette-terre-par-ahmed-safir-fes-maroc\/#primaryimage\"},\"datePublished\":\"2021-06-02T18:44:58+00:00\",\"dateModified\":\"2021-06-02T18:44:59+00:00\",\"author\":{\"@id\":\"https:\/\/www.masharif.com\/fr\/#\/schema\/person\/839a7026efe9fa825134097c1041e4a0\"},\"breadcrumb\":{\"@id\":\"https:\/\/www.masharif.com\/fr\/2021\/06\/02\/sur-cette-terre-par-ahmed-safir-fes-maroc\/#breadcrumb\"},\"inLanguage\":\"fr-FR\",\"potentialAction\":[{\"@type\":\"ReadAction\",\"target\":[\"https:\/\/www.masharif.com\/fr\/2021\/06\/02\/sur-cette-terre-par-ahmed-safir-fes-maroc\/\"]}]},{\"@type\":\"BreadcrumbList\",\"@id\":\"https:\/\/www.masharif.com\/fr\/2021\/06\/02\/sur-cette-terre-par-ahmed-safir-fes-maroc\/#breadcrumb\",\"itemListElement\":[{\"@type\":\"ListItem\",\"position\":1,\"name\":\"Home\",\"item\":\"https:\/\/www.masharif.com\/fr\/\"},{\"@type\":\"ListItem\",\"position\":2,\"name\":\"Sur cette terre par: Ahmed Safir \u2013 F\u00e8s &#8211; Maroc\"}]},{\"@type\":\"Person\",\"@id\":\"https:\/\/www.masharif.com\/fr\/#\/schema\/person\/839a7026efe9fa825134097c1041e4a0\",\"name\":\"Mohamed Salah Ben Amor\",\"image\":{\"@type\":\"ImageObject\",\"inLanguage\":\"fr-FR\",\"@id\":\"https:\/\/www.masharif.com\/fr\/#\/schema\/person\/image\/\",\"url\":\"http:\/\/0.gravatar.com\/avatar\/f64806401ad5ed604ffec2272b19ef46?s=96&d=identicon&r=g\",\"contentUrl\":\"http:\/\/0.gravatar.com\/avatar\/f64806401ad5ed604ffec2272b19ef46?s=96&d=identicon&r=g\",\"caption\":\"Mohamed Salah Ben Amor\"},\"sameAs\":[\"http:\/\/ben-amor.info\"],\"url\":\"http:\/\/www.masharif.com\/fr\/author\/msba\/\"}]}<\/script>\n<!-- \/ Yoast SEO plugin. -->","yoast_head_json":{"title":"Sur cette terre par: Ahmed Safir \u2013 F\u00e8s - Maroc - Culminances","robots":{"index":"index","follow":"follow","max-snippet":"max-snippet:-1","max-image-preview":"max-image-preview:large","max-video-preview":"max-video-preview:-1"},"canonical":"https:\/\/www.masharif.com\/fr\/2021\/06\/02\/sur-cette-terre-par-ahmed-safir-fes-maroc\/","og_locale":"fr_FR","og_type":"article","og_title":"Sur cette terre par: Ahmed Safir \u2013 F\u00e8s - Maroc - Culminances","og_description":"Sur cette terre avant qu&#8217;il n&#8217;y ait murailles et serres Sur cette terre Vivaient nos p\u00e8res Vivaient nos m\u00e8res Vivaient nos fr\u00e8res Nous cohabitions Dans un bonheur \u00c9ph\u00e9m\u00e8re Nous habitions Les campagnes et les villes Nous parcourions toutes les art\u00e8res Nous cultivions ces terres Nous ramassions les pierres Nous construisions des villes enti\u00e8res H\u00e9las ! ...","og_url":"https:\/\/www.masharif.com\/fr\/2021\/06\/02\/sur-cette-terre-par-ahmed-safir-fes-maroc\/","og_site_name":"Culminances","article_published_time":"2021-06-02T18:44:58+00:00","article_modified_time":"2021-06-02T18:44:59+00:00","og_image":[{"width":1125,"height":658,"url":"https:\/\/www.masharif.com\/fr\/wp-content\/uploads\/2021\/06\/lecobron200801234.jpg","type":"image\/jpeg"}],"author":"Mohamed Salah Ben Amor","twitter_card":"summary","twitter_misc":{"\u00c9crit par":"Mohamed Salah Ben Amor","Dur\u00e9e de lecture estim\u00e9e":"1 minute"},"schema":{"@context":"https:\/\/schema.org","@graph":[{"@type":"WebSite","@id":"https:\/\/www.masharif.com\/fr\/#website","url":"https:\/\/www.masharif.com\/fr\/","name":"Culminances","description":"","potentialAction":[{"@type":"SearchAction","target":{"@type":"EntryPoint","urlTemplate":"https:\/\/www.masharif.com\/fr\/?s={search_term_string}"},"query-input":"required name=search_term_string"}],"inLanguage":"fr-FR"},{"@type":"ImageObject","inLanguage":"fr-FR","@id":"https:\/\/www.masharif.com\/fr\/2021\/06\/02\/sur-cette-terre-par-ahmed-safir-fes-maroc\/#primaryimage","url":"http:\/\/www.masharif.com\/fr\/wp-content\/uploads\/2021\/06\/lecobron200801234.jpg","contentUrl":"http:\/\/www.masharif.com\/fr\/wp-content\/uploads\/2021\/06\/lecobron200801234.jpg","width":1125,"height":658},{"@type":"WebPage","@id":"https:\/\/www.masharif.com\/fr\/2021\/06\/02\/sur-cette-terre-par-ahmed-safir-fes-maroc\/","url":"https:\/\/www.masharif.com\/fr\/2021\/06\/02\/sur-cette-terre-par-ahmed-safir-fes-maroc\/","name":"Sur cette terre par: Ahmed Safir \u2013 F\u00e8s - Maroc - Culminances","isPartOf":{"@id":"https:\/\/www.masharif.com\/fr\/#website"},"primaryImageOfPage":{"@id":"https:\/\/www.masharif.com\/fr\/2021\/06\/02\/sur-cette-terre-par-ahmed-safir-fes-maroc\/#primaryimage"},"datePublished":"2021-06-02T18:44:58+00:00","dateModified":"2021-06-02T18:44:59+00:00","author":{"@id":"https:\/\/www.masharif.com\/fr\/#\/schema\/person\/839a7026efe9fa825134097c1041e4a0"},"breadcrumb":{"@id":"https:\/\/www.masharif.com\/fr\/2021\/06\/02\/sur-cette-terre-par-ahmed-safir-fes-maroc\/#breadcrumb"},"inLanguage":"fr-FR","potentialAction":[{"@type":"ReadAction","target":["https:\/\/www.masharif.com\/fr\/2021\/06\/02\/sur-cette-terre-par-ahmed-safir-fes-maroc\/"]}]},{"@type":"BreadcrumbList","@id":"https:\/\/www.masharif.com\/fr\/2021\/06\/02\/sur-cette-terre-par-ahmed-safir-fes-maroc\/#breadcrumb","itemListElement":[{"@type":"ListItem","position":1,"name":"Home","item":"https:\/\/www.masharif.com\/fr\/"},{"@type":"ListItem","position":2,"name":"Sur cette terre par: Ahmed Safir \u2013 F\u00e8s &#8211; Maroc"}]},{"@type":"Person","@id":"https:\/\/www.masharif.com\/fr\/#\/schema\/person\/839a7026efe9fa825134097c1041e4a0","name":"Mohamed Salah Ben Amor","image":{"@type":"ImageObject","inLanguage":"fr-FR","@id":"https:\/\/www.masharif.com\/fr\/#\/schema\/person\/image\/","url":"http:\/\/0.gravatar.com\/avatar\/f64806401ad5ed604ffec2272b19ef46?s=96&d=identicon&r=g","contentUrl":"http:\/\/0.gravatar.com\/avatar\/f64806401ad5ed604ffec2272b19ef46?s=96&d=identicon&r=g","caption":"Mohamed Salah Ben Amor"},"sameAs":["http:\/\/ben-amor.info"],"url":"http:\/\/www.masharif.com\/fr\/author\/msba\/"}]}},"_links":{"self":[{"href":"http:\/\/www.masharif.com\/fr\/wp-json\/wp\/v2\/posts\/11382"}],"collection":[{"href":"http:\/\/www.masharif.com\/fr\/wp-json\/wp\/v2\/posts"}],"about":[{"href":"http:\/\/www.masharif.com\/fr\/wp-json\/wp\/v2\/types\/post"}],"author":[{"embeddable":true,"href":"http:\/\/www.masharif.com\/fr\/wp-json\/wp\/v2\/users\/2"}],"replies":[{"embeddable":true,"href":"http:\/\/www.masharif.com\/fr\/wp-json\/wp\/v2\/comments?post=11382"}],"version-history":[{"count":1,"href":"http:\/\/www.masharif.com\/fr\/wp-json\/wp\/v2\/posts\/11382\/revisions"}],"predecessor-version":[{"id":11384,"href":"http:\/\/www.masharif.com\/fr\/wp-json\/wp\/v2\/posts\/11382\/revisions\/11384"}],"wp:featuredmedia":[{"embeddable":true,"href":"http:\/\/www.masharif.com\/fr\/wp-json\/wp\/v2\/media\/11383"}],"wp:attachment":[{"href":"http:\/\/www.masharif.com\/fr\/wp-json\/wp\/v2\/media?parent=11382"}],"wp:term":[{"taxonomy":"category","embeddable":true,"href":"http:\/\/www.masharif.com\/fr\/wp-json\/wp\/v2\/categories?post=11382"},{"taxonomy":"post_tag","embeddable":true,"href":"http:\/\/www.masharif.com\/fr\/wp-json\/wp\/v2\/tags?post=11382"}],"curies":[{"name":"wp","href":"https:\/\/api.w.org\/{rel}","templated":true}]}}