{"id":11334,"date":"2021-05-08T21:41:52","date_gmt":"2021-05-08T20:41:52","guid":{"rendered":"http:\/\/www.masharif.com\/fr\/?p=11334"},"modified":"2021-05-08T21:41:53","modified_gmt":"2021-05-08T20:41:53","slug":"douce-mort-par-mouina-el-achari-zayna-rabat-maroc","status":"publish","type":"post","link":"http:\/\/www.masharif.com\/fr\/2021\/05\/08\/douce-mort-par-mouina-el-achari-zayna-rabat-maroc\/","title":{"rendered":"Douce mort par: Mouina El Achari Zayna \u2013 Rabat \u2013Maroc"},"content":{"rendered":"\n<figure class=\"wp-block-image\"><img loading=\"lazy\" width=\"767\" height=\"1024\" src=\"http:\/\/www.masharif.com\/fr\/wp-content\/uploads\/2021\/05\/127282555_10219202238470029_6598263185152419230_n-767x1024.jpg\" alt=\"\" class=\"wp-image-11335\" srcset=\"http:\/\/www.masharif.com\/fr\/wp-content\/uploads\/2021\/05\/127282555_10219202238470029_6598263185152419230_n-767x1024.jpg 767w, http:\/\/www.masharif.com\/fr\/wp-content\/uploads\/2021\/05\/127282555_10219202238470029_6598263185152419230_n-225x300.jpg 225w, http:\/\/www.masharif.com\/fr\/wp-content\/uploads\/2021\/05\/127282555_10219202238470029_6598263185152419230_n-768x1025.jpg 768w, http:\/\/www.masharif.com\/fr\/wp-content\/uploads\/2021\/05\/127282555_10219202238470029_6598263185152419230_n.jpg 927w\" sizes=\"(max-width: 767px) 100vw, 767px\" \/><\/figure>\n\n\n\n<figure class=\"wp-block-image\"><img loading=\"lazy\" width=\"585\" height=\"390\" src=\"http:\/\/www.masharif.com\/fr\/wp-content\/uploads\/2021\/05\/jaykayl140300015.jpg\" alt=\"\" class=\"wp-image-11336\" srcset=\"http:\/\/www.masharif.com\/fr\/wp-content\/uploads\/2021\/05\/jaykayl140300015.jpg 585w, http:\/\/www.masharif.com\/fr\/wp-content\/uploads\/2021\/05\/jaykayl140300015-300x200.jpg 300w\" sizes=\"(max-width: 585px) 100vw, 585px\" \/><\/figure>\n\n\n\n<p><strong>Joyeux, il voltigeait de\nfleur en fleur<br>\nInsouciant, il courait contre l&#8217;heure,<br>\nTr\u00e8s beau, il exhibait son bonheur<br>\nD&#8217;\u00eatre appr\u00e9ci\u00e9 \u00e0 l&#8217;unanimit\u00e9.<br>\nDe nature, le printemps<br>\nEst sa meilleure saison,<br>\nIl en profite largement<br>\nSans aucun r\u00e9pit.<br>\nIl sait que ses jours sont compt\u00e9s<br>\nAu lever du soleil, d\u00e9j\u00e0 r\u00e9veill\u00e9<br>\nPour profiter de la ros\u00e9e,<br>\nSur les p\u00e9tales, \u00e9l\u00e9gante danse.<br>\nDans mon jardin j&#8217;ai l&#8217;habitude,<br>\nDe le contempler, quelle pl\u00e9nitude<br>\nQue d&#8217;apr\u00e8s ses attitudes<br>\nJe sens qu&#8217;il le sent.<br>\nAvril, mois des perturbations,<br>\nChaleur, vent et pluies sont<br>\nDes acteurs actifs sans..<br>\nEntractes.<br>\nPar une averse surpris,<br>\nIl quitte son vol entrepris,<br>\nPeureux, mais malgr\u00e9 lui <br>\nIl se pose \u00e0 m\u00eame le sol.<br>\nSes ailes battaient sans entrain,<br>\nEssai de le secourir, en vain<br>\n\u00c0 une mort douce il c\u00e8de enfin,<br>\nLe joli papillon.<\/strong><\/p>\n","protected":false},"excerpt":{"rendered":"<p>Joyeux, il voltigeait de fleur en fleur Insouciant, il courait contre l&#8217;heure, Tr\u00e8s beau, il exhibait son bonheur D&#8217;\u00eatre appr\u00e9ci\u00e9 \u00e0 l&#8217;unanimit\u00e9. De nature, le printemps Est sa meilleure saison, Il en profite largement Sans aucun r\u00e9pit. Il sait que ses jours sont compt\u00e9s Au lever du soleil, d\u00e9j\u00e0 r\u00e9veill\u00e9 Pour profiter de la ros\u00e9e, &#8230;<\/p>\n","protected":false},"author":2,"featured_media":11336,"comment_status":"open","ping_status":"open","sticky":false,"template":"","format":"standard","meta":[],"categories":[4],"tags":[],"yoast_head":"<!-- This site is optimized with the Yoast SEO plugin v19.3 - https:\/\/yoast.com\/wordpress\/plugins\/seo\/ -->\n<title>Douce mort par: Mouina El Achari Zayna \u2013 Rabat \u2013Maroc - Culminances<\/title>\n<meta name=\"robots\" content=\"index, follow, max-snippet:-1, max-image-preview:large, max-video-preview:-1\" \/>\n<link rel=\"canonical\" href=\"http:\/\/www.masharif.com\/fr\/2021\/05\/08\/douce-mort-par-mouina-el-achari-zayna-rabat-maroc\/\" \/>\n<meta property=\"og:locale\" content=\"fr_FR\" \/>\n<meta property=\"og:type\" content=\"article\" \/>\n<meta property=\"og:title\" content=\"Douce mort par: Mouina El Achari Zayna \u2013 Rabat \u2013Maroc - Culminances\" \/>\n<meta property=\"og:description\" content=\"Joyeux, il voltigeait de fleur en fleur Insouciant, il courait contre l&#8217;heure, Tr\u00e8s beau, il exhibait son bonheur D&#8217;\u00eatre appr\u00e9ci\u00e9 \u00e0 l&#8217;unanimit\u00e9. De nature, le printemps Est sa meilleure saison, Il en profite largement Sans aucun r\u00e9pit. Il sait que ses jours sont compt\u00e9s Au lever du soleil, d\u00e9j\u00e0 r\u00e9veill\u00e9 Pour profiter de la ros\u00e9e, ...\" \/>\n<meta property=\"og:url\" content=\"http:\/\/www.masharif.com\/fr\/2021\/05\/08\/douce-mort-par-mouina-el-achari-zayna-rabat-maroc\/\" \/>\n<meta property=\"og:site_name\" content=\"Culminances\" \/>\n<meta property=\"article:published_time\" content=\"2021-05-08T20:41:52+00:00\" \/>\n<meta property=\"article:modified_time\" content=\"2021-05-08T20:41:53+00:00\" \/>\n<meta property=\"og:image\" content=\"http:\/\/www.masharif.com\/fr\/wp-content\/uploads\/2021\/05\/jaykayl140300015.jpg\" \/>\n\t<meta property=\"og:image:width\" content=\"585\" \/>\n\t<meta property=\"og:image:height\" content=\"390\" \/>\n\t<meta property=\"og:image:type\" content=\"image\/jpeg\" \/>\n<meta name=\"author\" content=\"Mohamed Salah Ben Amor\" \/>\n<meta name=\"twitter:card\" content=\"summary\" \/>\n<meta name=\"twitter:label1\" content=\"\u00c9crit par\" \/>\n\t<meta name=\"twitter:data1\" content=\"Mohamed Salah Ben Amor\" \/>\n\t<meta name=\"twitter:label2\" content=\"Dur\u00e9e de lecture estim\u00e9e\" \/>\n\t<meta name=\"twitter:data2\" content=\"1 minute\" \/>\n<script type=\"application\/ld+json\" class=\"yoast-schema-graph\">{\"@context\":\"https:\/\/schema.org\",\"@graph\":[{\"@type\":\"WebSite\",\"@id\":\"https:\/\/www.masharif.com\/fr\/#website\",\"url\":\"https:\/\/www.masharif.com\/fr\/\",\"name\":\"Culminances\",\"description\":\"\",\"potentialAction\":[{\"@type\":\"SearchAction\",\"target\":{\"@type\":\"EntryPoint\",\"urlTemplate\":\"https:\/\/www.masharif.com\/fr\/?s={search_term_string}\"},\"query-input\":\"required name=search_term_string\"}],\"inLanguage\":\"fr-FR\"},{\"@type\":\"ImageObject\",\"inLanguage\":\"fr-FR\",\"@id\":\"http:\/\/www.masharif.com\/fr\/2021\/05\/08\/douce-mort-par-mouina-el-achari-zayna-rabat-maroc\/#primaryimage\",\"url\":\"http:\/\/www.masharif.com\/fr\/wp-content\/uploads\/2021\/05\/jaykayl140300015.jpg\",\"contentUrl\":\"http:\/\/www.masharif.com\/fr\/wp-content\/uploads\/2021\/05\/jaykayl140300015.jpg\",\"width\":585,\"height\":390},{\"@type\":\"WebPage\",\"@id\":\"http:\/\/www.masharif.com\/fr\/2021\/05\/08\/douce-mort-par-mouina-el-achari-zayna-rabat-maroc\/\",\"url\":\"http:\/\/www.masharif.com\/fr\/2021\/05\/08\/douce-mort-par-mouina-el-achari-zayna-rabat-maroc\/\",\"name\":\"Douce mort par: Mouina El Achari Zayna \u2013 Rabat \u2013Maroc - Culminances\",\"isPartOf\":{\"@id\":\"https:\/\/www.masharif.com\/fr\/#website\"},\"primaryImageOfPage\":{\"@id\":\"http:\/\/www.masharif.com\/fr\/2021\/05\/08\/douce-mort-par-mouina-el-achari-zayna-rabat-maroc\/#primaryimage\"},\"datePublished\":\"2021-05-08T20:41:52+00:00\",\"dateModified\":\"2021-05-08T20:41:53+00:00\",\"author\":{\"@id\":\"https:\/\/www.masharif.com\/fr\/#\/schema\/person\/839a7026efe9fa825134097c1041e4a0\"},\"breadcrumb\":{\"@id\":\"http:\/\/www.masharif.com\/fr\/2021\/05\/08\/douce-mort-par-mouina-el-achari-zayna-rabat-maroc\/#breadcrumb\"},\"inLanguage\":\"fr-FR\",\"potentialAction\":[{\"@type\":\"ReadAction\",\"target\":[\"http:\/\/www.masharif.com\/fr\/2021\/05\/08\/douce-mort-par-mouina-el-achari-zayna-rabat-maroc\/\"]}]},{\"@type\":\"BreadcrumbList\",\"@id\":\"http:\/\/www.masharif.com\/fr\/2021\/05\/08\/douce-mort-par-mouina-el-achari-zayna-rabat-maroc\/#breadcrumb\",\"itemListElement\":[{\"@type\":\"ListItem\",\"position\":1,\"name\":\"Home\",\"item\":\"https:\/\/www.masharif.com\/fr\/\"},{\"@type\":\"ListItem\",\"position\":2,\"name\":\"Douce mort par: Mouina El Achari Zayna \u2013 Rabat \u2013Maroc\"}]},{\"@type\":\"Person\",\"@id\":\"https:\/\/www.masharif.com\/fr\/#\/schema\/person\/839a7026efe9fa825134097c1041e4a0\",\"name\":\"Mohamed Salah Ben Amor\",\"image\":{\"@type\":\"ImageObject\",\"inLanguage\":\"fr-FR\",\"@id\":\"https:\/\/www.masharif.com\/fr\/#\/schema\/person\/image\/\",\"url\":\"http:\/\/0.gravatar.com\/avatar\/f64806401ad5ed604ffec2272b19ef46?s=96&d=identicon&r=g\",\"contentUrl\":\"http:\/\/0.gravatar.com\/avatar\/f64806401ad5ed604ffec2272b19ef46?s=96&d=identicon&r=g\",\"caption\":\"Mohamed Salah Ben Amor\"},\"sameAs\":[\"http:\/\/ben-amor.info\"],\"url\":\"http:\/\/www.masharif.com\/fr\/author\/msba\/\"}]}<\/script>\n<!-- \/ Yoast SEO plugin. -->","yoast_head_json":{"title":"Douce mort par: Mouina El Achari Zayna \u2013 Rabat \u2013Maroc - Culminances","robots":{"index":"index","follow":"follow","max-snippet":"max-snippet:-1","max-image-preview":"max-image-preview:large","max-video-preview":"max-video-preview:-1"},"canonical":"http:\/\/www.masharif.com\/fr\/2021\/05\/08\/douce-mort-par-mouina-el-achari-zayna-rabat-maroc\/","og_locale":"fr_FR","og_type":"article","og_title":"Douce mort par: Mouina El Achari Zayna \u2013 Rabat \u2013Maroc - Culminances","og_description":"Joyeux, il voltigeait de fleur en fleur Insouciant, il courait contre l&#8217;heure, Tr\u00e8s beau, il exhibait son bonheur D&#8217;\u00eatre appr\u00e9ci\u00e9 \u00e0 l&#8217;unanimit\u00e9. De nature, le printemps Est sa meilleure saison, Il en profite largement Sans aucun r\u00e9pit. Il sait que ses jours sont compt\u00e9s Au lever du soleil, d\u00e9j\u00e0 r\u00e9veill\u00e9 Pour profiter de la ros\u00e9e, ...","og_url":"http:\/\/www.masharif.com\/fr\/2021\/05\/08\/douce-mort-par-mouina-el-achari-zayna-rabat-maroc\/","og_site_name":"Culminances","article_published_time":"2021-05-08T20:41:52+00:00","article_modified_time":"2021-05-08T20:41:53+00:00","og_image":[{"width":585,"height":390,"url":"http:\/\/www.masharif.com\/fr\/wp-content\/uploads\/2021\/05\/jaykayl140300015.jpg","type":"image\/jpeg"}],"author":"Mohamed Salah Ben Amor","twitter_card":"summary","twitter_misc":{"\u00c9crit par":"Mohamed Salah Ben Amor","Dur\u00e9e de lecture estim\u00e9e":"1 minute"},"schema":{"@context":"https:\/\/schema.org","@graph":[{"@type":"WebSite","@id":"https:\/\/www.masharif.com\/fr\/#website","url":"https:\/\/www.masharif.com\/fr\/","name":"Culminances","description":"","potentialAction":[{"@type":"SearchAction","target":{"@type":"EntryPoint","urlTemplate":"https:\/\/www.masharif.com\/fr\/?s={search_term_string}"},"query-input":"required name=search_term_string"}],"inLanguage":"fr-FR"},{"@type":"ImageObject","inLanguage":"fr-FR","@id":"http:\/\/www.masharif.com\/fr\/2021\/05\/08\/douce-mort-par-mouina-el-achari-zayna-rabat-maroc\/#primaryimage","url":"http:\/\/www.masharif.com\/fr\/wp-content\/uploads\/2021\/05\/jaykayl140300015.jpg","contentUrl":"http:\/\/www.masharif.com\/fr\/wp-content\/uploads\/2021\/05\/jaykayl140300015.jpg","width":585,"height":390},{"@type":"WebPage","@id":"http:\/\/www.masharif.com\/fr\/2021\/05\/08\/douce-mort-par-mouina-el-achari-zayna-rabat-maroc\/","url":"http:\/\/www.masharif.com\/fr\/2021\/05\/08\/douce-mort-par-mouina-el-achari-zayna-rabat-maroc\/","name":"Douce mort par: Mouina El Achari Zayna \u2013 Rabat \u2013Maroc - Culminances","isPartOf":{"@id":"https:\/\/www.masharif.com\/fr\/#website"},"primaryImageOfPage":{"@id":"http:\/\/www.masharif.com\/fr\/2021\/05\/08\/douce-mort-par-mouina-el-achari-zayna-rabat-maroc\/#primaryimage"},"datePublished":"2021-05-08T20:41:52+00:00","dateModified":"2021-05-08T20:41:53+00:00","author":{"@id":"https:\/\/www.masharif.com\/fr\/#\/schema\/person\/839a7026efe9fa825134097c1041e4a0"},"breadcrumb":{"@id":"http:\/\/www.masharif.com\/fr\/2021\/05\/08\/douce-mort-par-mouina-el-achari-zayna-rabat-maroc\/#breadcrumb"},"inLanguage":"fr-FR","potentialAction":[{"@type":"ReadAction","target":["http:\/\/www.masharif.com\/fr\/2021\/05\/08\/douce-mort-par-mouina-el-achari-zayna-rabat-maroc\/"]}]},{"@type":"BreadcrumbList","@id":"http:\/\/www.masharif.com\/fr\/2021\/05\/08\/douce-mort-par-mouina-el-achari-zayna-rabat-maroc\/#breadcrumb","itemListElement":[{"@type":"ListItem","position":1,"name":"Home","item":"https:\/\/www.masharif.com\/fr\/"},{"@type":"ListItem","position":2,"name":"Douce mort par: Mouina El Achari Zayna \u2013 Rabat \u2013Maroc"}]},{"@type":"Person","@id":"https:\/\/www.masharif.com\/fr\/#\/schema\/person\/839a7026efe9fa825134097c1041e4a0","name":"Mohamed Salah Ben Amor","image":{"@type":"ImageObject","inLanguage":"fr-FR","@id":"https:\/\/www.masharif.com\/fr\/#\/schema\/person\/image\/","url":"http:\/\/0.gravatar.com\/avatar\/f64806401ad5ed604ffec2272b19ef46?s=96&d=identicon&r=g","contentUrl":"http:\/\/0.gravatar.com\/avatar\/f64806401ad5ed604ffec2272b19ef46?s=96&d=identicon&r=g","caption":"Mohamed Salah Ben Amor"},"sameAs":["http:\/\/ben-amor.info"],"url":"http:\/\/www.masharif.com\/fr\/author\/msba\/"}]}},"_links":{"self":[{"href":"http:\/\/www.masharif.com\/fr\/wp-json\/wp\/v2\/posts\/11334"}],"collection":[{"href":"http:\/\/www.masharif.com\/fr\/wp-json\/wp\/v2\/posts"}],"about":[{"href":"http:\/\/www.masharif.com\/fr\/wp-json\/wp\/v2\/types\/post"}],"author":[{"embeddable":true,"href":"http:\/\/www.masharif.com\/fr\/wp-json\/wp\/v2\/users\/2"}],"replies":[{"embeddable":true,"href":"http:\/\/www.masharif.com\/fr\/wp-json\/wp\/v2\/comments?post=11334"}],"version-history":[{"count":1,"href":"http:\/\/www.masharif.com\/fr\/wp-json\/wp\/v2\/posts\/11334\/revisions"}],"predecessor-version":[{"id":11337,"href":"http:\/\/www.masharif.com\/fr\/wp-json\/wp\/v2\/posts\/11334\/revisions\/11337"}],"wp:featuredmedia":[{"embeddable":true,"href":"http:\/\/www.masharif.com\/fr\/wp-json\/wp\/v2\/media\/11336"}],"wp:attachment":[{"href":"http:\/\/www.masharif.com\/fr\/wp-json\/wp\/v2\/media?parent=11334"}],"wp:term":[{"taxonomy":"category","embeddable":true,"href":"http:\/\/www.masharif.com\/fr\/wp-json\/wp\/v2\/categories?post=11334"},{"taxonomy":"post_tag","embeddable":true,"href":"http:\/\/www.masharif.com\/fr\/wp-json\/wp\/v2\/tags?post=11334"}],"curies":[{"name":"wp","href":"https:\/\/api.w.org\/{rel}","templated":true}]}}