{"id":11142,"date":"2021-02-28T20:29:15","date_gmt":"2021-02-28T19:29:15","guid":{"rendered":"http:\/\/www.masharif.com\/fr\/?p=11142"},"modified":"2021-02-28T20:29:15","modified_gmt":"2021-02-28T19:29:15","slug":"refugies-ahmed-safir-fes-maroc","status":"publish","type":"post","link":"http:\/\/www.masharif.com\/fr\/2021\/02\/28\/refugies-ahmed-safir-fes-maroc\/","title":{"rendered":"Les r\u00e9fugi\u00e9s par: Ahmed Safir \u2013 F\u00e8s \u2013 Maroc"},"content":{"rendered":"<div id=\"attachment_11097\" style=\"width: 306px\" class=\"wp-caption alignnone\"><a href=\"http:\/\/www.masharif.com\/fr\/wp-content\/uploads\/2021\/01\/t\u00e9l\u00e9chargement-1.jpg\"><img aria-describedby=\"caption-attachment-11097\" loading=\"lazy\" class=\"wp-image-11097 size-medium\" src=\"http:\/\/www.masharif.com\/fr\/wp-content\/uploads\/2021\/01\/t\u00e9l\u00e9chargement-1-296x300.jpg\" alt=\"\" width=\"296\" height=\"300\" srcset=\"http:\/\/www.masharif.com\/fr\/wp-content\/uploads\/2021\/01\/t\u00e9l\u00e9chargement-1-296x300.jpg 296w, http:\/\/www.masharif.com\/fr\/wp-content\/uploads\/2021\/01\/t\u00e9l\u00e9chargement-1-768x779.jpg 768w, http:\/\/www.masharif.com\/fr\/wp-content\/uploads\/2021\/01\/t\u00e9l\u00e9chargement-1-55x55.jpg 55w, http:\/\/www.masharif.com\/fr\/wp-content\/uploads\/2021\/01\/t\u00e9l\u00e9chargement-1.jpg 780w\" sizes=\"(max-width: 296px) 100vw, 296px\" \/><\/a><p id=\"caption-attachment-11097\" class=\"wp-caption-text\">Ahmed Safir<\/p><\/div>\n<p><a href=\"http:\/\/www.masharif.com\/fr\/wp-content\/uploads\/2021\/02\/medvedkov171200074.jpg\"><img loading=\"lazy\" class=\"alignnone size-medium wp-image-11143\" src=\"http:\/\/www.masharif.com\/fr\/wp-content\/uploads\/2021\/02\/medvedkov171200074-300x200.jpg\" alt=\"\" width=\"300\" height=\"200\" srcset=\"http:\/\/www.masharif.com\/fr\/wp-content\/uploads\/2021\/02\/medvedkov171200074-300x200.jpg 300w, http:\/\/www.masharif.com\/fr\/wp-content\/uploads\/2021\/02\/medvedkov171200074.jpg 675w\" sizes=\"(max-width: 300px) 100vw, 300px\" \/><\/a><\/p>\n<p><strong>Dans ce cercle vicieux<br \/>\nNous dansons<br \/>\nSur des braises de feu<br \/>\nSans chanson<br \/>\nVainement\u00a0 nous levons les yeux<br \/>\nPriant et implorant les dieux<br \/>\nAttendant une manne des cieux<br \/>\nNous faisons des v\u0153ux pieux<br \/>\nPour la paix dans ces lieux<br \/>\nPour \u00e9pargner jeunes et vieux<br \/>\nDans ce cercle vicieux<br \/>\nNous tournons au hasard<br \/>\nAffam\u00e9s , les yeux hagards<br \/>\nRefoul\u00e9s , \u00e9ternels fuyards<br \/>\nChangeant toujours de lieu<br \/>\nA la recherche d&#8217;un peu mieux<br \/>\nNous sommes les d\u00e9racin\u00e9s<br \/>\nNous sommes les r\u00e9fugi\u00e9s<br \/>\nQue les guerres ont calcin\u00e9<br \/>\nPers\u00e9cut\u00e9s par les privil\u00e9gi\u00e9s<br \/>\nNous errons sur la terre<br \/>\nNous fuyons par la mer<br \/>\nNous traversons des d\u00e9serts<br \/>\nOn nous enferme dans des serres<br \/>\nNous vivons toutes les gal\u00e8res<br \/>\nMalheureuses victimes de nos fr\u00e8res<br \/>\nY-a-t-il vraiment une justice sur la terre ?<\/p>\n<p><\/strong><\/p>\n","protected":false},"excerpt":{"rendered":"<p>Dans ce cercle vicieux Nous dansons Sur des braises de feu Sans chanson Vainement\u00a0 nous levons les yeux Priant et implorant les dieux Attendant une manne des cieux Nous faisons des v\u0153ux pieux Pour la paix dans ces lieux Pour \u00e9pargner jeunes et vieux Dans ce cercle vicieux Nous tournons au hasard Affam\u00e9s , les &#8230;<\/p>\n","protected":false},"author":2,"featured_media":11143,"comment_status":"open","ping_status":"open","sticky":false,"template":"","format":"standard","meta":[],"categories":[4],"tags":[],"yoast_head":"<!-- This site is optimized with the Yoast SEO plugin v19.3 - https:\/\/yoast.com\/wordpress\/plugins\/seo\/ -->\n<title>Les r\u00e9fugi\u00e9s par: Ahmed Safir \u2013 F\u00e8s \u2013 Maroc - Culminances<\/title>\n<meta name=\"robots\" content=\"index, follow, max-snippet:-1, max-image-preview:large, max-video-preview:-1\" \/>\n<link rel=\"canonical\" href=\"https:\/\/www.masharif.com\/fr\/2021\/02\/28\/refugies-ahmed-safir-fes-maroc\/\" \/>\n<meta property=\"og:locale\" content=\"fr_FR\" \/>\n<meta property=\"og:type\" content=\"article\" \/>\n<meta property=\"og:title\" content=\"Les r\u00e9fugi\u00e9s par: Ahmed Safir \u2013 F\u00e8s \u2013 Maroc - Culminances\" \/>\n<meta property=\"og:description\" content=\"Dans ce cercle vicieux Nous dansons Sur des braises de feu Sans chanson Vainement\u00a0 nous levons les yeux Priant et implorant les dieux Attendant une manne des cieux Nous faisons des v\u0153ux pieux Pour la paix dans ces lieux Pour \u00e9pargner jeunes et vieux Dans ce cercle vicieux Nous tournons au hasard Affam\u00e9s , les ...\" \/>\n<meta property=\"og:url\" content=\"https:\/\/www.masharif.com\/fr\/2021\/02\/28\/refugies-ahmed-safir-fes-maroc\/\" \/>\n<meta property=\"og:site_name\" content=\"Culminances\" \/>\n<meta property=\"article:published_time\" content=\"2021-02-28T19:29:15+00:00\" \/>\n<meta property=\"og:image\" content=\"https:\/\/www.masharif.com\/fr\/wp-content\/uploads\/2021\/02\/medvedkov171200074.jpg\" \/>\n\t<meta property=\"og:image:width\" content=\"675\" \/>\n\t<meta property=\"og:image:height\" content=\"450\" \/>\n\t<meta property=\"og:image:type\" content=\"image\/jpeg\" \/>\n<meta name=\"author\" content=\"Mohamed Salah Ben Amor\" \/>\n<meta name=\"twitter:card\" content=\"summary\" \/>\n<meta name=\"twitter:label1\" content=\"\u00c9crit par\" \/>\n\t<meta name=\"twitter:data1\" content=\"Mohamed Salah Ben Amor\" \/>\n\t<meta name=\"twitter:label2\" content=\"Dur\u00e9e de lecture estim\u00e9e\" \/>\n\t<meta name=\"twitter:data2\" content=\"1 minute\" \/>\n<script type=\"application\/ld+json\" class=\"yoast-schema-graph\">{\"@context\":\"https:\/\/schema.org\",\"@graph\":[{\"@type\":\"WebSite\",\"@id\":\"http:\/\/www.masharif.com\/fr\/#website\",\"url\":\"http:\/\/www.masharif.com\/fr\/\",\"name\":\"Culminances\",\"description\":\"\",\"potentialAction\":[{\"@type\":\"SearchAction\",\"target\":{\"@type\":\"EntryPoint\",\"urlTemplate\":\"http:\/\/www.masharif.com\/fr\/?s={search_term_string}\"},\"query-input\":\"required name=search_term_string\"}],\"inLanguage\":\"fr-FR\"},{\"@type\":\"ImageObject\",\"inLanguage\":\"fr-FR\",\"@id\":\"https:\/\/www.masharif.com\/fr\/2021\/02\/28\/refugies-ahmed-safir-fes-maroc\/#primaryimage\",\"url\":\"http:\/\/www.masharif.com\/fr\/wp-content\/uploads\/2021\/02\/medvedkov171200074.jpg\",\"contentUrl\":\"http:\/\/www.masharif.com\/fr\/wp-content\/uploads\/2021\/02\/medvedkov171200074.jpg\",\"width\":675,\"height\":450},{\"@type\":\"WebPage\",\"@id\":\"https:\/\/www.masharif.com\/fr\/2021\/02\/28\/refugies-ahmed-safir-fes-maroc\/\",\"url\":\"https:\/\/www.masharif.com\/fr\/2021\/02\/28\/refugies-ahmed-safir-fes-maroc\/\",\"name\":\"Les r\u00e9fugi\u00e9s par: Ahmed Safir \u2013 F\u00e8s \u2013 Maroc - Culminances\",\"isPartOf\":{\"@id\":\"http:\/\/www.masharif.com\/fr\/#website\"},\"primaryImageOfPage\":{\"@id\":\"https:\/\/www.masharif.com\/fr\/2021\/02\/28\/refugies-ahmed-safir-fes-maroc\/#primaryimage\"},\"datePublished\":\"2021-02-28T19:29:15+00:00\",\"dateModified\":\"2021-02-28T19:29:15+00:00\",\"author\":{\"@id\":\"http:\/\/www.masharif.com\/fr\/#\/schema\/person\/839a7026efe9fa825134097c1041e4a0\"},\"breadcrumb\":{\"@id\":\"https:\/\/www.masharif.com\/fr\/2021\/02\/28\/refugies-ahmed-safir-fes-maroc\/#breadcrumb\"},\"inLanguage\":\"fr-FR\",\"potentialAction\":[{\"@type\":\"ReadAction\",\"target\":[\"https:\/\/www.masharif.com\/fr\/2021\/02\/28\/refugies-ahmed-safir-fes-maroc\/\"]}]},{\"@type\":\"BreadcrumbList\",\"@id\":\"https:\/\/www.masharif.com\/fr\/2021\/02\/28\/refugies-ahmed-safir-fes-maroc\/#breadcrumb\",\"itemListElement\":[{\"@type\":\"ListItem\",\"position\":1,\"name\":\"Home\",\"item\":\"http:\/\/www.masharif.com\/fr\/\"},{\"@type\":\"ListItem\",\"position\":2,\"name\":\"Les r\u00e9fugi\u00e9s par: Ahmed Safir \u2013 F\u00e8s \u2013 Maroc\"}]},{\"@type\":\"Person\",\"@id\":\"http:\/\/www.masharif.com\/fr\/#\/schema\/person\/839a7026efe9fa825134097c1041e4a0\",\"name\":\"Mohamed Salah Ben Amor\",\"image\":{\"@type\":\"ImageObject\",\"inLanguage\":\"fr-FR\",\"@id\":\"http:\/\/www.masharif.com\/fr\/#\/schema\/person\/image\/\",\"url\":\"http:\/\/0.gravatar.com\/avatar\/f64806401ad5ed604ffec2272b19ef46?s=96&d=identicon&r=g\",\"contentUrl\":\"http:\/\/0.gravatar.com\/avatar\/f64806401ad5ed604ffec2272b19ef46?s=96&d=identicon&r=g\",\"caption\":\"Mohamed Salah Ben Amor\"},\"sameAs\":[\"http:\/\/ben-amor.info\"],\"url\":\"http:\/\/www.masharif.com\/fr\/author\/msba\/\"}]}<\/script>\n<!-- \/ Yoast SEO plugin. -->","yoast_head_json":{"title":"Les r\u00e9fugi\u00e9s par: Ahmed Safir \u2013 F\u00e8s \u2013 Maroc - Culminances","robots":{"index":"index","follow":"follow","max-snippet":"max-snippet:-1","max-image-preview":"max-image-preview:large","max-video-preview":"max-video-preview:-1"},"canonical":"https:\/\/www.masharif.com\/fr\/2021\/02\/28\/refugies-ahmed-safir-fes-maroc\/","og_locale":"fr_FR","og_type":"article","og_title":"Les r\u00e9fugi\u00e9s par: Ahmed Safir \u2013 F\u00e8s \u2013 Maroc - Culminances","og_description":"Dans ce cercle vicieux Nous dansons Sur des braises de feu Sans chanson Vainement\u00a0 nous levons les yeux Priant et implorant les dieux Attendant une manne des cieux Nous faisons des v\u0153ux pieux Pour la paix dans ces lieux Pour \u00e9pargner jeunes et vieux Dans ce cercle vicieux Nous tournons au hasard Affam\u00e9s , les ...","og_url":"https:\/\/www.masharif.com\/fr\/2021\/02\/28\/refugies-ahmed-safir-fes-maroc\/","og_site_name":"Culminances","article_published_time":"2021-02-28T19:29:15+00:00","og_image":[{"width":675,"height":450,"url":"https:\/\/www.masharif.com\/fr\/wp-content\/uploads\/2021\/02\/medvedkov171200074.jpg","type":"image\/jpeg"}],"author":"Mohamed Salah Ben Amor","twitter_card":"summary","twitter_misc":{"\u00c9crit par":"Mohamed Salah Ben Amor","Dur\u00e9e de lecture estim\u00e9e":"1 minute"},"schema":{"@context":"https:\/\/schema.org","@graph":[{"@type":"WebSite","@id":"http:\/\/www.masharif.com\/fr\/#website","url":"http:\/\/www.masharif.com\/fr\/","name":"Culminances","description":"","potentialAction":[{"@type":"SearchAction","target":{"@type":"EntryPoint","urlTemplate":"http:\/\/www.masharif.com\/fr\/?s={search_term_string}"},"query-input":"required name=search_term_string"}],"inLanguage":"fr-FR"},{"@type":"ImageObject","inLanguage":"fr-FR","@id":"https:\/\/www.masharif.com\/fr\/2021\/02\/28\/refugies-ahmed-safir-fes-maroc\/#primaryimage","url":"http:\/\/www.masharif.com\/fr\/wp-content\/uploads\/2021\/02\/medvedkov171200074.jpg","contentUrl":"http:\/\/www.masharif.com\/fr\/wp-content\/uploads\/2021\/02\/medvedkov171200074.jpg","width":675,"height":450},{"@type":"WebPage","@id":"https:\/\/www.masharif.com\/fr\/2021\/02\/28\/refugies-ahmed-safir-fes-maroc\/","url":"https:\/\/www.masharif.com\/fr\/2021\/02\/28\/refugies-ahmed-safir-fes-maroc\/","name":"Les r\u00e9fugi\u00e9s par: Ahmed Safir \u2013 F\u00e8s \u2013 Maroc - Culminances","isPartOf":{"@id":"http:\/\/www.masharif.com\/fr\/#website"},"primaryImageOfPage":{"@id":"https:\/\/www.masharif.com\/fr\/2021\/02\/28\/refugies-ahmed-safir-fes-maroc\/#primaryimage"},"datePublished":"2021-02-28T19:29:15+00:00","dateModified":"2021-02-28T19:29:15+00:00","author":{"@id":"http:\/\/www.masharif.com\/fr\/#\/schema\/person\/839a7026efe9fa825134097c1041e4a0"},"breadcrumb":{"@id":"https:\/\/www.masharif.com\/fr\/2021\/02\/28\/refugies-ahmed-safir-fes-maroc\/#breadcrumb"},"inLanguage":"fr-FR","potentialAction":[{"@type":"ReadAction","target":["https:\/\/www.masharif.com\/fr\/2021\/02\/28\/refugies-ahmed-safir-fes-maroc\/"]}]},{"@type":"BreadcrumbList","@id":"https:\/\/www.masharif.com\/fr\/2021\/02\/28\/refugies-ahmed-safir-fes-maroc\/#breadcrumb","itemListElement":[{"@type":"ListItem","position":1,"name":"Home","item":"http:\/\/www.masharif.com\/fr\/"},{"@type":"ListItem","position":2,"name":"Les r\u00e9fugi\u00e9s par: Ahmed Safir \u2013 F\u00e8s \u2013 Maroc"}]},{"@type":"Person","@id":"http:\/\/www.masharif.com\/fr\/#\/schema\/person\/839a7026efe9fa825134097c1041e4a0","name":"Mohamed Salah Ben Amor","image":{"@type":"ImageObject","inLanguage":"fr-FR","@id":"http:\/\/www.masharif.com\/fr\/#\/schema\/person\/image\/","url":"http:\/\/0.gravatar.com\/avatar\/f64806401ad5ed604ffec2272b19ef46?s=96&d=identicon&r=g","contentUrl":"http:\/\/0.gravatar.com\/avatar\/f64806401ad5ed604ffec2272b19ef46?s=96&d=identicon&r=g","caption":"Mohamed Salah Ben Amor"},"sameAs":["http:\/\/ben-amor.info"],"url":"http:\/\/www.masharif.com\/fr\/author\/msba\/"}]}},"_links":{"self":[{"href":"http:\/\/www.masharif.com\/fr\/wp-json\/wp\/v2\/posts\/11142"}],"collection":[{"href":"http:\/\/www.masharif.com\/fr\/wp-json\/wp\/v2\/posts"}],"about":[{"href":"http:\/\/www.masharif.com\/fr\/wp-json\/wp\/v2\/types\/post"}],"author":[{"embeddable":true,"href":"http:\/\/www.masharif.com\/fr\/wp-json\/wp\/v2\/users\/2"}],"replies":[{"embeddable":true,"href":"http:\/\/www.masharif.com\/fr\/wp-json\/wp\/v2\/comments?post=11142"}],"version-history":[{"count":1,"href":"http:\/\/www.masharif.com\/fr\/wp-json\/wp\/v2\/posts\/11142\/revisions"}],"predecessor-version":[{"id":11144,"href":"http:\/\/www.masharif.com\/fr\/wp-json\/wp\/v2\/posts\/11142\/revisions\/11144"}],"wp:featuredmedia":[{"embeddable":true,"href":"http:\/\/www.masharif.com\/fr\/wp-json\/wp\/v2\/media\/11143"}],"wp:attachment":[{"href":"http:\/\/www.masharif.com\/fr\/wp-json\/wp\/v2\/media?parent=11142"}],"wp:term":[{"taxonomy":"category","embeddable":true,"href":"http:\/\/www.masharif.com\/fr\/wp-json\/wp\/v2\/categories?post=11142"},{"taxonomy":"post_tag","embeddable":true,"href":"http:\/\/www.masharif.com\/fr\/wp-json\/wp\/v2\/tags?post=11142"}],"curies":[{"name":"wp","href":"https:\/\/api.w.org\/{rel}","templated":true}]}}