{"id":11033,"date":"2020-11-24T20:42:45","date_gmt":"2020-11-24T19:42:45","guid":{"rendered":"http:\/\/www.masharif.com\/fr\/?p=11033"},"modified":"2020-11-24T20:43:35","modified_gmt":"2020-11-24T19:43:35","slug":"allons-abdellatif-bhiri-safi-maroc","status":"publish","type":"post","link":"http:\/\/www.masharif.com\/fr\/2020\/11\/24\/allons-abdellatif-bhiri-safi-maroc\/","title":{"rendered":"O\u00f9 allons-nous ? par :Abdellatif Bhiri- Safi-Maroc"},"content":{"rendered":"<div id=\"attachment_11031\" style=\"width: 203px\" class=\"wp-caption alignnone\"><a href=\"http:\/\/www.masharif.com\/fr\/wp-content\/uploads\/2020\/11\/6a659bbbafeac59a1d4d3aa01d9f2ff9.jpg\"><img aria-describedby=\"caption-attachment-11031\" loading=\"lazy\" class=\"wp-image-11031 size-full\" src=\"http:\/\/www.masharif.com\/fr\/wp-content\/uploads\/2020\/11\/6a659bbbafeac59a1d4d3aa01d9f2ff9.jpg\" alt=\"\" width=\"193\" height=\"193\" srcset=\"http:\/\/www.masharif.com\/fr\/wp-content\/uploads\/2020\/11\/6a659bbbafeac59a1d4d3aa01d9f2ff9.jpg 193w, http:\/\/www.masharif.com\/fr\/wp-content\/uploads\/2020\/11\/6a659bbbafeac59a1d4d3aa01d9f2ff9-150x150.jpg 150w, http:\/\/www.masharif.com\/fr\/wp-content\/uploads\/2020\/11\/6a659bbbafeac59a1d4d3aa01d9f2ff9-55x55.jpg 55w\" sizes=\"(max-width: 193px) 100vw, 193px\" \/><\/a><p id=\"caption-attachment-11031\" class=\"wp-caption-text\">Abdellatif Bhiri<\/p><\/div>\n<p><a href=\"http:\/\/www.masharif.com\/fr\/wp-content\/uploads\/2020\/11\/nsdefender200900055.jpg\"><img loading=\"lazy\" class=\"alignnone size-medium wp-image-11030\" src=\"http:\/\/www.masharif.com\/fr\/wp-content\/uploads\/2020\/11\/nsdefender200900055-300x200.jpg\" alt=\"\" width=\"300\" height=\"200\" srcset=\"http:\/\/www.masharif.com\/fr\/wp-content\/uploads\/2020\/11\/nsdefender200900055-300x200.jpg 300w, http:\/\/www.masharif.com\/fr\/wp-content\/uploads\/2020\/11\/nsdefender200900055.jpg 450w\" sizes=\"(max-width: 300px) 100vw, 300px\" \/><\/a><\/p>\n<p>&nbsp;<\/p>\n<p><strong>Apr\u00e8s l\u2019\u00e9crasement de nos certitudes<\/strong><\/p>\n<p><strong>Apr\u00e8s l\u2019embrasement de nos incertitudes<\/strong><\/p>\n<p><strong>Apr\u00e8s la d\u00e9ch\u00e9ance de nos valeurs<\/strong><\/p>\n<p><strong>Apr\u00e8s la d\u00e9confiture des Grands Voleurs<\/strong><\/p>\n<p><strong>Apr\u00e8s la d\u00e9sinvolture des esprits obtus<\/strong><\/p>\n<p><strong>Apr\u00e8s l\u2019h\u00e9g\u00e9monie de la carence repue<\/strong><\/p>\n<p><strong>Des malversations et des d\u00e9tournements<\/strong><\/p>\n<p><strong>Des ruses machiav\u00e9liques des gouvernements<\/strong><\/p>\n<p><strong>Des niaiseries des peuples tenus en laisse<\/strong><\/p>\n<p><strong>Des d\u00e9sappointements de la jeunesse<\/strong><\/p>\n<p><strong>Des espoirs tant convoit\u00e9s et tant avort\u00e9s<\/strong><\/p>\n<p><strong>Des \u00e2mes \u00e9gar\u00e9es dans une vie tourment\u00e9e<\/strong><\/p>\n<p><strong>O\u00f9 allons-nous ?<\/strong><\/p>\n<p><strong>Apr\u00e8s le passage de la pand\u00e9mie<\/strong><\/p>\n<p><strong>Apr\u00e8s le redressement de l\u2019\u00e9conomie<\/strong><\/p>\n<p><strong>Apr\u00e8s le n\u00e9cessaire retour \u00e0 la vie<\/strong><\/p>\n<p><strong>Apr\u00e8s les d\u00e9boires et les \u00e9checs subis<\/strong><\/p>\n<p><strong>Apr\u00e8s la connaissance du vrai ennemi<\/strong><\/p>\n<p><strong>Apr\u00e8s les retrouvailles entre amis<\/strong><\/p>\n<p><strong>Des masques nous seront coll\u00e9s au nez<\/strong><\/p>\n<p><strong>Des distances nous seront impos\u00e9es<\/strong><\/p>\n<p><strong>Des boulots ne seront jamais retrouv\u00e9s<\/strong><\/p>\n<p><strong>Des foyers \u00e0 jamais chamboul\u00e9s<\/strong><\/p>\n<p><strong>Des routines \u00e0 jamais oubli\u00e9es<\/strong><\/p>\n<p><strong>Des Cr\u00e9sus lourdement embrouill\u00e9s<\/strong><\/p>\n<p><strong>O\u00f9 allons-nous ?<\/strong><\/p>\n<p><strong>Apr\u00e8s la confiance survient la m\u00e9fiance<\/strong><\/p>\n<p><strong>Apr\u00e8s les embrassades viennent les d\u00e9robades !<\/strong><\/p>\n<p><strong>Apr\u00e8s le \u00ab pr\u00e9sentiel \u00bb survient le virtuel !<\/strong><\/p>\n<p><strong>Apr\u00e8s la communaut\u00e9 survient l\u2019individuel<\/strong><\/p>\n<p><strong>Apr\u00e8s la m\u00e9ditation de la splendeur inn\u00e9e<\/strong><\/p>\n<p><strong>Apr\u00e8s la libert\u00e9 nous voil\u00e0 confin\u00e9s !<\/strong><\/p>\n<p><strong>D\u00e8s lors, ne faut-il pas remonter aux sources ?<\/strong><\/p>\n<p><strong>Des jours o\u00f9 pr\u00e9dominaient les bonnes m\u0153urs<\/strong><\/p>\n<p><strong>Des jours o\u00f9 l\u2019on se gavait de la bonne chair<\/strong><\/p>\n<p><strong>Des jours o\u00f9 les gens \u00e9taient plus sinc\u00e8res<\/strong><\/p>\n<p><strong>Des jours o\u00f9 les guerres se comptaient sur les doigts<\/strong><\/p>\n<p><strong>Des jours o\u00f9 l\u2019on chantait sur tous les toits<\/strong><\/p>\n<p><strong>O\u00f9 allons-nous ?<\/strong><\/p>\n<p><strong>Allons-nous apprendre la le\u00e7on ?<\/strong><\/p>\n<p><strong>Allons-nous oublier la terrible ran\u00e7on ?<\/strong><\/p>\n<p><strong>Allons-nous reconna\u00eetre notre tort ?<\/strong><\/p>\n<p><strong>Allons-nous r\u00e9server un honorable sort ?<\/strong><\/p>\n<p><strong>Allons-nous cesser les guerres ?<\/strong><\/p>\n<p><strong>Allons-nous sauver la Terre ?<\/strong><\/p>\n<p><strong>Des enseignements surgissent au grand jour<\/strong><\/p>\n<p><strong>Des animaux h\u00e9b\u00e9t\u00e9s retrouvent leur \u00ab amour \u00bb !<\/strong><\/p>\n<p><strong>Des milliardaires interloqu\u00e9s d\u00e9concert\u00e9s<\/strong><\/p>\n<p><strong>Des pauvres toujours plus pauvres hivers et \u00e9t\u00e9s<\/strong><\/p>\n<p><strong>Des cieux plus purs et du calme dans les bourgs<\/strong><\/p>\n<p><strong>D\u00e8s lors, instituons la pand\u00e9mie de l\u2019amour !<\/strong><\/p>\n<p><strong>20\/05\/2020<\/strong><\/p>\n<p><strong>\u00a0<\/strong><\/p>\n","protected":false},"excerpt":{"rendered":"<p>&nbsp; Apr\u00e8s l\u2019\u00e9crasement de nos certitudes Apr\u00e8s l\u2019embrasement de nos incertitudes Apr\u00e8s la d\u00e9ch\u00e9ance de nos valeurs Apr\u00e8s la d\u00e9confiture des Grands Voleurs Apr\u00e8s la d\u00e9sinvolture des esprits obtus Apr\u00e8s l\u2019h\u00e9g\u00e9monie de la carence repue Des malversations et des d\u00e9tournements Des ruses machiav\u00e9liques des gouvernements Des niaiseries des peuples tenus en laisse Des d\u00e9sappointements de &#8230;<\/p>\n","protected":false},"author":2,"featured_media":11030,"comment_status":"open","ping_status":"open","sticky":false,"template":"","format":"standard","meta":[],"categories":[4],"tags":[],"yoast_head":"<!-- This site is optimized with the Yoast SEO plugin v19.3 - https:\/\/yoast.com\/wordpress\/plugins\/seo\/ -->\n<title>O\u00f9 allons-nous ? par :Abdellatif Bhiri- Safi-Maroc - Culminances<\/title>\n<meta name=\"robots\" content=\"index, follow, max-snippet:-1, max-image-preview:large, max-video-preview:-1\" \/>\n<link rel=\"canonical\" href=\"https:\/\/www.masharif.com\/fr\/2020\/11\/24\/allons-abdellatif-bhiri-safi-maroc\/\" \/>\n<meta property=\"og:locale\" content=\"fr_FR\" \/>\n<meta property=\"og:type\" content=\"article\" \/>\n<meta property=\"og:title\" content=\"O\u00f9 allons-nous ? par :Abdellatif Bhiri- Safi-Maroc - Culminances\" \/>\n<meta property=\"og:description\" content=\"&nbsp; Apr\u00e8s l\u2019\u00e9crasement de nos certitudes Apr\u00e8s l\u2019embrasement de nos incertitudes Apr\u00e8s la d\u00e9ch\u00e9ance de nos valeurs Apr\u00e8s la d\u00e9confiture des Grands Voleurs Apr\u00e8s la d\u00e9sinvolture des esprits obtus Apr\u00e8s l\u2019h\u00e9g\u00e9monie de la carence repue Des malversations et des d\u00e9tournements Des ruses machiav\u00e9liques des gouvernements Des niaiseries des peuples tenus en laisse Des d\u00e9sappointements de ...\" \/>\n<meta property=\"og:url\" content=\"https:\/\/www.masharif.com\/fr\/2020\/11\/24\/allons-abdellatif-bhiri-safi-maroc\/\" \/>\n<meta property=\"og:site_name\" content=\"Culminances\" \/>\n<meta property=\"article:published_time\" content=\"2020-11-24T19:42:45+00:00\" \/>\n<meta property=\"article:modified_time\" content=\"2020-11-24T19:43:35+00:00\" \/>\n<meta property=\"og:image\" content=\"https:\/\/www.masharif.com\/fr\/wp-content\/uploads\/2020\/11\/nsdefender200900055.jpg\" \/>\n\t<meta property=\"og:image:width\" content=\"450\" \/>\n\t<meta property=\"og:image:height\" content=\"300\" \/>\n\t<meta property=\"og:image:type\" content=\"image\/jpeg\" \/>\n<meta name=\"author\" content=\"Mohamed Salah Ben Amor\" \/>\n<meta name=\"twitter:card\" content=\"summary\" \/>\n<meta name=\"twitter:label1\" content=\"\u00c9crit par\" \/>\n\t<meta name=\"twitter:data1\" content=\"Mohamed Salah Ben Amor\" \/>\n\t<meta name=\"twitter:label2\" content=\"Dur\u00e9e de lecture estim\u00e9e\" \/>\n\t<meta name=\"twitter:data2\" content=\"2 minutes\" \/>\n<script type=\"application\/ld+json\" class=\"yoast-schema-graph\">{\"@context\":\"https:\/\/schema.org\",\"@graph\":[{\"@type\":\"WebSite\",\"@id\":\"https:\/\/www.masharif.com\/fr\/#website\",\"url\":\"https:\/\/www.masharif.com\/fr\/\",\"name\":\"Culminances\",\"description\":\"\",\"potentialAction\":[{\"@type\":\"SearchAction\",\"target\":{\"@type\":\"EntryPoint\",\"urlTemplate\":\"https:\/\/www.masharif.com\/fr\/?s={search_term_string}\"},\"query-input\":\"required name=search_term_string\"}],\"inLanguage\":\"fr-FR\"},{\"@type\":\"ImageObject\",\"inLanguage\":\"fr-FR\",\"@id\":\"https:\/\/www.masharif.com\/fr\/2020\/11\/24\/allons-abdellatif-bhiri-safi-maroc\/#primaryimage\",\"url\":\"http:\/\/www.masharif.com\/fr\/wp-content\/uploads\/2020\/11\/nsdefender200900055.jpg\",\"contentUrl\":\"http:\/\/www.masharif.com\/fr\/wp-content\/uploads\/2020\/11\/nsdefender200900055.jpg\",\"width\":450,\"height\":300},{\"@type\":\"WebPage\",\"@id\":\"https:\/\/www.masharif.com\/fr\/2020\/11\/24\/allons-abdellatif-bhiri-safi-maroc\/\",\"url\":\"https:\/\/www.masharif.com\/fr\/2020\/11\/24\/allons-abdellatif-bhiri-safi-maroc\/\",\"name\":\"O\u00f9 allons-nous ? par :Abdellatif Bhiri- Safi-Maroc - Culminances\",\"isPartOf\":{\"@id\":\"https:\/\/www.masharif.com\/fr\/#website\"},\"primaryImageOfPage\":{\"@id\":\"https:\/\/www.masharif.com\/fr\/2020\/11\/24\/allons-abdellatif-bhiri-safi-maroc\/#primaryimage\"},\"datePublished\":\"2020-11-24T19:42:45+00:00\",\"dateModified\":\"2020-11-24T19:43:35+00:00\",\"author\":{\"@id\":\"https:\/\/www.masharif.com\/fr\/#\/schema\/person\/839a7026efe9fa825134097c1041e4a0\"},\"breadcrumb\":{\"@id\":\"https:\/\/www.masharif.com\/fr\/2020\/11\/24\/allons-abdellatif-bhiri-safi-maroc\/#breadcrumb\"},\"inLanguage\":\"fr-FR\",\"potentialAction\":[{\"@type\":\"ReadAction\",\"target\":[\"https:\/\/www.masharif.com\/fr\/2020\/11\/24\/allons-abdellatif-bhiri-safi-maroc\/\"]}]},{\"@type\":\"BreadcrumbList\",\"@id\":\"https:\/\/www.masharif.com\/fr\/2020\/11\/24\/allons-abdellatif-bhiri-safi-maroc\/#breadcrumb\",\"itemListElement\":[{\"@type\":\"ListItem\",\"position\":1,\"name\":\"Home\",\"item\":\"https:\/\/www.masharif.com\/fr\/\"},{\"@type\":\"ListItem\",\"position\":2,\"name\":\"O\u00f9 allons-nous ? par :Abdellatif Bhiri- Safi-Maroc\"}]},{\"@type\":\"Person\",\"@id\":\"https:\/\/www.masharif.com\/fr\/#\/schema\/person\/839a7026efe9fa825134097c1041e4a0\",\"name\":\"Mohamed Salah Ben Amor\",\"image\":{\"@type\":\"ImageObject\",\"inLanguage\":\"fr-FR\",\"@id\":\"https:\/\/www.masharif.com\/fr\/#\/schema\/person\/image\/\",\"url\":\"http:\/\/0.gravatar.com\/avatar\/f64806401ad5ed604ffec2272b19ef46?s=96&d=identicon&r=g\",\"contentUrl\":\"http:\/\/0.gravatar.com\/avatar\/f64806401ad5ed604ffec2272b19ef46?s=96&d=identicon&r=g\",\"caption\":\"Mohamed Salah Ben Amor\"},\"sameAs\":[\"http:\/\/ben-amor.info\"],\"url\":\"http:\/\/www.masharif.com\/fr\/author\/msba\/\"}]}<\/script>\n<!-- \/ Yoast SEO plugin. -->","yoast_head_json":{"title":"O\u00f9 allons-nous ? par :Abdellatif Bhiri- Safi-Maroc - Culminances","robots":{"index":"index","follow":"follow","max-snippet":"max-snippet:-1","max-image-preview":"max-image-preview:large","max-video-preview":"max-video-preview:-1"},"canonical":"https:\/\/www.masharif.com\/fr\/2020\/11\/24\/allons-abdellatif-bhiri-safi-maroc\/","og_locale":"fr_FR","og_type":"article","og_title":"O\u00f9 allons-nous ? par :Abdellatif Bhiri- Safi-Maroc - Culminances","og_description":"&nbsp; Apr\u00e8s l\u2019\u00e9crasement de nos certitudes Apr\u00e8s l\u2019embrasement de nos incertitudes Apr\u00e8s la d\u00e9ch\u00e9ance de nos valeurs Apr\u00e8s la d\u00e9confiture des Grands Voleurs Apr\u00e8s la d\u00e9sinvolture des esprits obtus Apr\u00e8s l\u2019h\u00e9g\u00e9monie de la carence repue Des malversations et des d\u00e9tournements Des ruses machiav\u00e9liques des gouvernements Des niaiseries des peuples tenus en laisse Des d\u00e9sappointements de ...","og_url":"https:\/\/www.masharif.com\/fr\/2020\/11\/24\/allons-abdellatif-bhiri-safi-maroc\/","og_site_name":"Culminances","article_published_time":"2020-11-24T19:42:45+00:00","article_modified_time":"2020-11-24T19:43:35+00:00","og_image":[{"width":450,"height":300,"url":"https:\/\/www.masharif.com\/fr\/wp-content\/uploads\/2020\/11\/nsdefender200900055.jpg","type":"image\/jpeg"}],"author":"Mohamed Salah Ben Amor","twitter_card":"summary","twitter_misc":{"\u00c9crit par":"Mohamed Salah Ben Amor","Dur\u00e9e de lecture estim\u00e9e":"2 minutes"},"schema":{"@context":"https:\/\/schema.org","@graph":[{"@type":"WebSite","@id":"https:\/\/www.masharif.com\/fr\/#website","url":"https:\/\/www.masharif.com\/fr\/","name":"Culminances","description":"","potentialAction":[{"@type":"SearchAction","target":{"@type":"EntryPoint","urlTemplate":"https:\/\/www.masharif.com\/fr\/?s={search_term_string}"},"query-input":"required name=search_term_string"}],"inLanguage":"fr-FR"},{"@type":"ImageObject","inLanguage":"fr-FR","@id":"https:\/\/www.masharif.com\/fr\/2020\/11\/24\/allons-abdellatif-bhiri-safi-maroc\/#primaryimage","url":"http:\/\/www.masharif.com\/fr\/wp-content\/uploads\/2020\/11\/nsdefender200900055.jpg","contentUrl":"http:\/\/www.masharif.com\/fr\/wp-content\/uploads\/2020\/11\/nsdefender200900055.jpg","width":450,"height":300},{"@type":"WebPage","@id":"https:\/\/www.masharif.com\/fr\/2020\/11\/24\/allons-abdellatif-bhiri-safi-maroc\/","url":"https:\/\/www.masharif.com\/fr\/2020\/11\/24\/allons-abdellatif-bhiri-safi-maroc\/","name":"O\u00f9 allons-nous ? par :Abdellatif Bhiri- Safi-Maroc - Culminances","isPartOf":{"@id":"https:\/\/www.masharif.com\/fr\/#website"},"primaryImageOfPage":{"@id":"https:\/\/www.masharif.com\/fr\/2020\/11\/24\/allons-abdellatif-bhiri-safi-maroc\/#primaryimage"},"datePublished":"2020-11-24T19:42:45+00:00","dateModified":"2020-11-24T19:43:35+00:00","author":{"@id":"https:\/\/www.masharif.com\/fr\/#\/schema\/person\/839a7026efe9fa825134097c1041e4a0"},"breadcrumb":{"@id":"https:\/\/www.masharif.com\/fr\/2020\/11\/24\/allons-abdellatif-bhiri-safi-maroc\/#breadcrumb"},"inLanguage":"fr-FR","potentialAction":[{"@type":"ReadAction","target":["https:\/\/www.masharif.com\/fr\/2020\/11\/24\/allons-abdellatif-bhiri-safi-maroc\/"]}]},{"@type":"BreadcrumbList","@id":"https:\/\/www.masharif.com\/fr\/2020\/11\/24\/allons-abdellatif-bhiri-safi-maroc\/#breadcrumb","itemListElement":[{"@type":"ListItem","position":1,"name":"Home","item":"https:\/\/www.masharif.com\/fr\/"},{"@type":"ListItem","position":2,"name":"O\u00f9 allons-nous ? par :Abdellatif Bhiri- Safi-Maroc"}]},{"@type":"Person","@id":"https:\/\/www.masharif.com\/fr\/#\/schema\/person\/839a7026efe9fa825134097c1041e4a0","name":"Mohamed Salah Ben Amor","image":{"@type":"ImageObject","inLanguage":"fr-FR","@id":"https:\/\/www.masharif.com\/fr\/#\/schema\/person\/image\/","url":"http:\/\/0.gravatar.com\/avatar\/f64806401ad5ed604ffec2272b19ef46?s=96&d=identicon&r=g","contentUrl":"http:\/\/0.gravatar.com\/avatar\/f64806401ad5ed604ffec2272b19ef46?s=96&d=identicon&r=g","caption":"Mohamed Salah Ben Amor"},"sameAs":["http:\/\/ben-amor.info"],"url":"http:\/\/www.masharif.com\/fr\/author\/msba\/"}]}},"_links":{"self":[{"href":"http:\/\/www.masharif.com\/fr\/wp-json\/wp\/v2\/posts\/11033"}],"collection":[{"href":"http:\/\/www.masharif.com\/fr\/wp-json\/wp\/v2\/posts"}],"about":[{"href":"http:\/\/www.masharif.com\/fr\/wp-json\/wp\/v2\/types\/post"}],"author":[{"embeddable":true,"href":"http:\/\/www.masharif.com\/fr\/wp-json\/wp\/v2\/users\/2"}],"replies":[{"embeddable":true,"href":"http:\/\/www.masharif.com\/fr\/wp-json\/wp\/v2\/comments?post=11033"}],"version-history":[{"count":2,"href":"http:\/\/www.masharif.com\/fr\/wp-json\/wp\/v2\/posts\/11033\/revisions"}],"predecessor-version":[{"id":11035,"href":"http:\/\/www.masharif.com\/fr\/wp-json\/wp\/v2\/posts\/11033\/revisions\/11035"}],"wp:featuredmedia":[{"embeddable":true,"href":"http:\/\/www.masharif.com\/fr\/wp-json\/wp\/v2\/media\/11030"}],"wp:attachment":[{"href":"http:\/\/www.masharif.com\/fr\/wp-json\/wp\/v2\/media?parent=11033"}],"wp:term":[{"taxonomy":"category","embeddable":true,"href":"http:\/\/www.masharif.com\/fr\/wp-json\/wp\/v2\/categories?post=11033"},{"taxonomy":"post_tag","embeddable":true,"href":"http:\/\/www.masharif.com\/fr\/wp-json\/wp\/v2\/tags?post=11033"}],"curies":[{"name":"wp","href":"https:\/\/api.w.org\/{rel}","templated":true}]}}