{"id":10815,"date":"2020-05-08T20:31:45","date_gmt":"2020-05-08T19:31:45","guid":{"rendered":"http:\/\/www.masharif.com\/fr\/?p=10815"},"modified":"2020-05-10T21:35:42","modified_gmt":"2020-05-10T20:35:42","slug":"memoires-dun-critique-jetais-venu-a-critique-davant-garde-1","status":"publish","type":"post","link":"http:\/\/www.masharif.com\/fr\/2020\/05\/08\/memoires-dun-critique-jetais-venu-a-critique-davant-garde-1\/","title":{"rendered":"M\u00e9moires d\u2019un critique :  Comment j\u2019\u00e9tais venu  \u00e0 la critique d\u2019avant-garde   ? (1)par: Mohamed Salah Ben Amor"},"content":{"rendered":"<div id=\"attachment_10816\" style=\"width: 310px\" class=\"wp-caption alignnone\"><a href=\"http:\/\/www.masharif.com\/fr\/wp-content\/uploads\/2020\/05\/phot-h\u00e9di.jpg\"><img aria-describedby=\"caption-attachment-10816\" loading=\"lazy\" class=\"wp-image-10816 size-medium\" src=\"http:\/\/www.masharif.com\/fr\/wp-content\/uploads\/2020\/05\/phot-h\u00e9di-300x225.jpg\" alt=\"\" width=\"300\" height=\"225\" srcset=\"http:\/\/www.masharif.com\/fr\/wp-content\/uploads\/2020\/05\/phot-h\u00e9di-300x225.jpg 300w, http:\/\/www.masharif.com\/fr\/wp-content\/uploads\/2020\/05\/phot-h\u00e9di.jpg 560w\" sizes=\"(max-width: 300px) 100vw, 300px\" \/><\/a><p id=\"caption-attachment-10816\" class=\"wp-caption-text\">H\u00e9di Bouhouch ( 1950 &#8211; 2017 )<\/p><\/div>\n<p><a href=\"http:\/\/www.masharif.com\/fr\/wp-content\/uploads\/2020\/05\/96376677_523040311708626_1866412080387588096_n.jpg\"><img loading=\"lazy\" class=\"alignnone size-medium wp-image-10827\" src=\"http:\/\/www.masharif.com\/fr\/wp-content\/uploads\/2020\/05\/96376677_523040311708626_1866412080387588096_n-300x257.jpg\" alt=\"\" width=\"300\" height=\"257\" srcset=\"http:\/\/www.masharif.com\/fr\/wp-content\/uploads\/2020\/05\/96376677_523040311708626_1866412080387588096_n-300x257.jpg 300w, http:\/\/www.masharif.com\/fr\/wp-content\/uploads\/2020\/05\/96376677_523040311708626_1866412080387588096_n-768x658.jpg 768w, http:\/\/www.masharif.com\/fr\/wp-content\/uploads\/2020\/05\/96376677_523040311708626_1866412080387588096_n.jpg 804w\" sizes=\"(max-width: 300px) 100vw, 300px\" \/><\/a><\/p>\n<div id=\"attachment_10818\" style=\"width: 310px\" class=\"wp-caption alignnone\"><a href=\"http:\/\/www.masharif.com\/fr\/wp-content\/uploads\/2020\/05\/safe_image.php_-1.jpg\"><img aria-describedby=\"caption-attachment-10818\" loading=\"lazy\" class=\"wp-image-10818 size-medium\" src=\"http:\/\/www.masharif.com\/fr\/wp-content\/uploads\/2020\/05\/safe_image.php_-1-300x157.jpg\" alt=\"\" width=\"300\" height=\"157\" srcset=\"http:\/\/www.masharif.com\/fr\/wp-content\/uploads\/2020\/05\/safe_image.php_-1-300x157.jpg 300w, http:\/\/www.masharif.com\/fr\/wp-content\/uploads\/2020\/05\/safe_image.php_-1.jpg 540w\" sizes=\"(max-width: 300px) 100vw, 300px\" \/><\/a><p id=\"caption-attachment-10818\" class=\"wp-caption-text\">Hassine Loued (1948 \u2013 2018 )<\/p><\/div>\n<div id=\"attachment_10795\" style=\"width: 310px\" class=\"wp-caption alignnone\"><a href=\"http:\/\/www.masharif.com\/fr\/wp-content\/uploads\/2020\/05\/95444030_10217456135978558_7486338819692691456_n.jpg\"><img aria-describedby=\"caption-attachment-10795\" loading=\"lazy\" class=\"wp-image-10795 size-medium\" src=\"http:\/\/www.masharif.com\/fr\/wp-content\/uploads\/2020\/05\/95444030_10217456135978558_7486338819692691456_n-300x300.jpg\" alt=\"\" width=\"300\" height=\"300\" srcset=\"http:\/\/www.masharif.com\/fr\/wp-content\/uploads\/2020\/05\/95444030_10217456135978558_7486338819692691456_n-300x300.jpg 300w, http:\/\/www.masharif.com\/fr\/wp-content\/uploads\/2020\/05\/95444030_10217456135978558_7486338819692691456_n-150x150.jpg 150w, http:\/\/www.masharif.com\/fr\/wp-content\/uploads\/2020\/05\/95444030_10217456135978558_7486338819692691456_n-55x55.jpg 55w, http:\/\/www.masharif.com\/fr\/wp-content\/uploads\/2020\/05\/95444030_10217456135978558_7486338819692691456_n.jpg 384w\" sizes=\"(max-width: 300px) 100vw, 300px\" \/><\/a><p id=\"caption-attachment-10795\" class=\"wp-caption-text\">Ahmed Hadhek El Orf<\/p><\/div>\n<p>Tous\u00a0 les \u00e9crivains , po\u00e8tes et\u00a0 journalistes qui \u00e9taient pr\u00e9sents sur la sc\u00e8ne litt\u00e9raire en Tunisie \u00e0 la fin des ann\u00e9es soixante et aux \u00a0d\u00e9buts des ann\u00e9es soixante-dix\u00a0\u00a0 \u00e9taient unanimes \u2013 et les vivants d\u2019entre eux le sont encore\u00a0&#8211;\u00a0\u00a0 que le mouvement d\u2019avant-garde litt\u00e9raire\u00a0 dans le pays a \u00e9t\u00e9 fond\u00e9 par le nouvelliste et le dramaturge tunisien Ezzedine Madani .Et cette v\u00e9rit\u00e9 historique n\u2019a jamais fait l\u2019objet d\u2019aucune contestation d\u2019aucune sorte, au point o\u00f9 certains disaient\u00a0:\u00a0\u00ab\u00a0Ezzedine Madani est l\u2019avant-garde et l\u2019avant-garde est Ezzedine Madani\u00a0\u00bb.<\/p>\n<p>Cependant en parall\u00e8le \u00e0 ce mouvement qui apparut \u00e0 la fin de l\u2019ann\u00e9e 1968, une critique portant la m\u00eame qualification \u00ab\u00a0La critique d\u2019avant-garde\u00a0\u00bb avait vu le jour au d\u00e9but de l\u2019ann\u00e9e 1970 et cette critique \u00e9tait tout \u00e0 fait ind\u00e9pendante du mouvement sus cit\u00e9. Et pour s\u2019en convaincre, il suffit de comparer les th\u00e9ories des critiques d\u2019avant-garde \u00e0 celles de Ezzedine Mdani qu\u2019il a expos\u00e9es dans son ouvrage fondateur intitul\u00e9 \u00ab\u00a0Sur la litt\u00e9rature exp\u00e9rimentale\u00a0\u00bb(Tunis 1972).<\/p>\n<p>Cette critique a \u00e9t\u00e9 fond\u00e9e par moi-m\u00eame \u00a0et feu H\u00e9di Bouhouch ( 1950 &#8211; 2017 )en 1970 sur sa proposition, avant qu\u2019il ne se retire d\u00e9finitivement l\u2019ann\u00e9e suivante du milieu litt\u00e9raire pour se consacrer \u00e0 ses \u00e9tudes vu qu\u2019il \u00e9tait normalien et qu\u2019il n\u2019avait le droit de redoubler qu\u2019une seule fois pendant les quatre ann\u00e9es de la ma\u00eetrise .Et il fut remplac\u00e9 par Hassine Loued (1948 \u2013 2018 ) qui prenait part de temps en temps \u00e0 nos discussions puis Hassine se retira \u00e0 son tour \u00e0 la fin de 1972 pour pr\u00e9parer son m\u00e9moire du CAR ( certificat d\u2019aptitude \u00e0 la recherche)et fut suppl\u00e9\u00e9 par Ahmed Hadhek Alourf, et ce, jusqu&#8217;au mois de novembre 1972, date de mon d\u00e9part de Tunis aux \u00eeles de l\u2019\u00eele Kerkennah ( sud-est de la Tunisie)o\u00f9 je fus nomm\u00e9 dans l\u2019enseignement\u00a0 .<\/p>\n<p>Cette mise au point est n\u00e9cessaire, parce que l\u2019une des id\u00e9es fausses qui avaientt toujours circul\u00e9 depuis les d\u00e9buts des ann\u00e9es soixante-dix dans le milieu culturel tunisien est que c\u2019est \u00a0moiqui \u00e9tait le fondateur de la critique litt\u00e9raire d\u2019avant-garde en Tunisie avant que H\u00e9di Bouhouch\u00a0 puis feu Hassine Loued puis Ahmed Hadhek El Orf ne se soient joints \u00e0 moi .Et cette id\u00e9e erron\u00e9e n\u2019avait aucune raison d\u2019\u00eatre, parce que tous les \u00e9crivains , les po\u00e8tes et les journalistes culturels qui \u00e9taient \u00e0 cette \u00e9poque pr\u00e9sents dans le milieu litt\u00e9raire tunisien avant l\u2019apparition de l\u2019avant-garde litt\u00e9raire \u00e0 la fin de 1968 et m\u00eame \u00a0au moment de son apog\u00e9e en 1969,se rappellent que je n\u2019avais aucun lien avec ce groupe et que j\u2019\u00e9crivais sur tous les courants litt\u00e9raires dans le pays .Et la preuve est cette longue \u00e9tude qui m\u2019avait \u00e9t\u00e9 publi\u00e9e dans le suppl\u00e9ment culturel du journal \u00ab\u00a0El Aamal\u00a0\u00bb les 10 et 17 octobre 1969 sous le titre\u00a0\u00ab\u00a0 Aper\u00e7u sur les \u00e9tapes de l\u2019\u00e9volution de la po\u00e9sie tunisienne moderne\u00a0\u00bb dans laquelle j\u2019ai essay\u00e9 de dresser\u00a0 un tableau g\u00e9n\u00e9ral\u00a0 de la po\u00e9sie tunisienne depuis \u00a0l\u2019\u00e9poque d\u2019Aboulkacem Chebbi ( 1909 \u2013 1934 ) jusqu\u2019au moment de l\u2019\u00e9laboration de\u00a0 cette \u00e9tude, sans exclure la moindre tendance ou \u00a0sensibilit\u00e9,\u00a0 avant de la \u00a0clore par ce paragraphe de quatre lignes sur la po\u00e9sie en prose\u00a0sans le qualifier de \u00ab\u00a0po\u00e9sie d\u2019avant-garde\u00a0\u00bb\u00a0:<\/p>\n<p>\u00ab\u00a0C\u2019est la derni\u00e8re \u00e9tape et elle n\u2019a commenc\u00e9 que derni\u00e8rement. Et elle se fonde sur la combinaison entre trois caract\u00e9ristiques\u00a0: un traitement nouveau de la langue, une musicalit\u00e9 po\u00e9tique inspir\u00e9e de la po\u00e9sie dialectale et une \u00e9motion spontan\u00e9eet libre . Et parmi les po\u00e8tes appartenant \u00e0 cette tendance Tahar Hammami, Fadhila Chebbi, Mohamed Habib Zannad ,Mohamed Masmouli et Mahmoud Tounsi\u00a0\u00bb.<\/p>\n<p>Et voici la liste des po\u00e8tes tunisiens dont j\u2019ai parl\u00e9 dans cette \u00e9tude\u00a0: Aboulkacem Chebbi,Tahar Qassar, Chedli Atallah,Ahmed Mokhtar Louzir,Ahmed Loghmani, H\u00e9di Madani, Sadok Mazigh,El Arbi Kabbadi, Jalaleddine Naccache, Mnaouer Smadeh,Abdelaziz Kacem, Mohamed Mezhoud , Abdelmajid Ben Jeddou, Mustapha Kraief, H\u00e9di Noamen, Jameleddine Hamdi, Noureddine Sammoud, Jaafar Majid,Ahmed Kedidi, Souilmi Boujemaa,Mohieddine Khraief ,Zoubeida Bchir Midani ben Salah, Taieb Riahi, Ahmed El Mokhtar El H\u00e9di.<\/p>\n<p>En ce moment, le mouvement litt\u00e9raire d\u2019avant-garde qui existait depuis la fin de 1968 suscitait de nombreux \u00a0d\u00e9bats houleux mais je me contentais de le suivre de loin comme n\u2019importe quel autre courant.<\/p>\n<p>Pour cette raison, je ne parlerai dans mes m\u00e9moires que de la critique d\u2019avant-garde, \u00a0parce que c\u2019\u00e9tait le seul auquel j\u2019avais\u00a0 prit part Quant au mouvement de la litt\u00e9rature d\u2019avant-garde , c\u2019est son fondateur et son th\u00e9oricien Ezzedine Madani qui le connait mieux que toute autre personne .Et je pense qu\u2019un chercheur sp\u00e9cialis\u00e9 comme Mohamed El May rendrait un grand service \u00e0 la litt\u00e9rature tunisienne s\u2019il faisait un entretien\u00a0 avec lui sur ce sujet et le publiait dans un livre.<\/p>\n<p>Dans quelles circonstances j\u2019\u00e9tais venu \u00e0 la critique litt\u00e9raire d\u2019avant-garde\u00a0et avec quelle strat\u00e9gie\u00a0?<\/p>\n<p>( A suivre )<\/p>\n","protected":false},"excerpt":{"rendered":"<p>Tous\u00a0 les \u00e9crivains , po\u00e8tes et\u00a0 journalistes qui \u00e9taient pr\u00e9sents sur la sc\u00e8ne litt\u00e9raire en Tunisie \u00e0 la fin des ann\u00e9es soixante et aux \u00a0d\u00e9buts des ann\u00e9es soixante-dix\u00a0\u00a0 \u00e9taient unanimes \u2013 et les vivants d\u2019entre eux le sont encore\u00a0&#8211;\u00a0\u00a0 que le mouvement d\u2019avant-garde litt\u00e9raire\u00a0 dans le pays a \u00e9t\u00e9 fond\u00e9 par le nouvelliste et le &#8230;<\/p>\n","protected":false},"author":2,"featured_media":10816,"comment_status":"open","ping_status":"open","sticky":false,"template":"","format":"standard","meta":[],"categories":[36],"tags":[],"yoast_head":"<!-- This site is optimized with the Yoast SEO plugin v19.3 - https:\/\/yoast.com\/wordpress\/plugins\/seo\/ -->\n<title>M\u00e9moires d\u2019un critique : Comment j\u2019\u00e9tais venu \u00e0 la critique d\u2019avant-garde  ? (1)par: Mohamed Salah Ben Amor - Culminances<\/title>\n<meta name=\"robots\" content=\"index, follow, max-snippet:-1, max-image-preview:large, max-video-preview:-1\" \/>\n<link rel=\"canonical\" href=\"http:\/\/www.masharif.com\/fr\/2020\/05\/08\/memoires-dun-critique-jetais-venu-a-critique-davant-garde-1\/\" \/>\n<meta property=\"og:locale\" content=\"fr_FR\" \/>\n<meta property=\"og:type\" content=\"article\" \/>\n<meta property=\"og:title\" content=\"M\u00e9moires d\u2019un critique : Comment j\u2019\u00e9tais venu \u00e0 la critique d\u2019avant-garde  ? (1)par: Mohamed Salah Ben Amor - Culminances\" \/>\n<meta property=\"og:description\" content=\"Tous\u00a0 les \u00e9crivains , po\u00e8tes et\u00a0 journalistes qui \u00e9taient pr\u00e9sents sur la sc\u00e8ne litt\u00e9raire en Tunisie \u00e0 la fin des ann\u00e9es soixante et aux \u00a0d\u00e9buts des ann\u00e9es soixante-dix\u00a0\u00a0 \u00e9taient unanimes \u2013 et les vivants d\u2019entre eux le sont encore\u00a0&#8211;\u00a0\u00a0 que le mouvement d\u2019avant-garde litt\u00e9raire\u00a0 dans le pays a \u00e9t\u00e9 fond\u00e9 par le nouvelliste et le ...\" \/>\n<meta property=\"og:url\" content=\"http:\/\/www.masharif.com\/fr\/2020\/05\/08\/memoires-dun-critique-jetais-venu-a-critique-davant-garde-1\/\" \/>\n<meta property=\"og:site_name\" content=\"Culminances\" \/>\n<meta property=\"article:published_time\" content=\"2020-05-08T19:31:45+00:00\" \/>\n<meta property=\"article:modified_time\" content=\"2020-05-10T20:35:42+00:00\" \/>\n<meta property=\"og:image\" content=\"http:\/\/www.masharif.com\/fr\/wp-content\/uploads\/2020\/05\/phot-h\u00e9di.jpg\" \/>\n\t<meta property=\"og:image:width\" content=\"560\" \/>\n\t<meta property=\"og:image:height\" content=\"420\" \/>\n\t<meta property=\"og:image:type\" content=\"image\/jpeg\" \/>\n<meta name=\"author\" content=\"Mohamed Salah Ben Amor\" \/>\n<meta name=\"twitter:card\" content=\"summary\" \/>\n<meta name=\"twitter:label1\" content=\"\u00c9crit par\" \/>\n\t<meta name=\"twitter:data1\" content=\"Mohamed Salah Ben Amor\" \/>\n\t<meta name=\"twitter:label2\" content=\"Dur\u00e9e de lecture estim\u00e9e\" \/>\n\t<meta name=\"twitter:data2\" content=\"5 minutes\" \/>\n<script type=\"application\/ld+json\" class=\"yoast-schema-graph\">{\"@context\":\"https:\/\/schema.org\",\"@graph\":[{\"@type\":\"WebSite\",\"@id\":\"http:\/\/www.masharif.com\/fr\/#website\",\"url\":\"http:\/\/www.masharif.com\/fr\/\",\"name\":\"Culminances\",\"description\":\"\",\"potentialAction\":[{\"@type\":\"SearchAction\",\"target\":{\"@type\":\"EntryPoint\",\"urlTemplate\":\"http:\/\/www.masharif.com\/fr\/?s={search_term_string}\"},\"query-input\":\"required name=search_term_string\"}],\"inLanguage\":\"fr-FR\"},{\"@type\":\"ImageObject\",\"inLanguage\":\"fr-FR\",\"@id\":\"http:\/\/www.masharif.com\/fr\/2020\/05\/08\/memoires-dun-critique-jetais-venu-a-critique-davant-garde-1\/#primaryimage\",\"url\":\"http:\/\/www.masharif.com\/fr\/wp-content\/uploads\/2020\/05\/phot-h\u00e9di.jpg\",\"contentUrl\":\"http:\/\/www.masharif.com\/fr\/wp-content\/uploads\/2020\/05\/phot-h\u00e9di.jpg\",\"width\":560,\"height\":420},{\"@type\":\"WebPage\",\"@id\":\"http:\/\/www.masharif.com\/fr\/2020\/05\/08\/memoires-dun-critique-jetais-venu-a-critique-davant-garde-1\/\",\"url\":\"http:\/\/www.masharif.com\/fr\/2020\/05\/08\/memoires-dun-critique-jetais-venu-a-critique-davant-garde-1\/\",\"name\":\"M\u00e9moires d\u2019un critique : Comment j\u2019\u00e9tais venu \u00e0 la critique d\u2019avant-garde ? (1)par: Mohamed Salah Ben Amor - Culminances\",\"isPartOf\":{\"@id\":\"http:\/\/www.masharif.com\/fr\/#website\"},\"primaryImageOfPage\":{\"@id\":\"http:\/\/www.masharif.com\/fr\/2020\/05\/08\/memoires-dun-critique-jetais-venu-a-critique-davant-garde-1\/#primaryimage\"},\"datePublished\":\"2020-05-08T19:31:45+00:00\",\"dateModified\":\"2020-05-10T20:35:42+00:00\",\"author\":{\"@id\":\"http:\/\/www.masharif.com\/fr\/#\/schema\/person\/839a7026efe9fa825134097c1041e4a0\"},\"breadcrumb\":{\"@id\":\"http:\/\/www.masharif.com\/fr\/2020\/05\/08\/memoires-dun-critique-jetais-venu-a-critique-davant-garde-1\/#breadcrumb\"},\"inLanguage\":\"fr-FR\",\"potentialAction\":[{\"@type\":\"ReadAction\",\"target\":[\"http:\/\/www.masharif.com\/fr\/2020\/05\/08\/memoires-dun-critique-jetais-venu-a-critique-davant-garde-1\/\"]}]},{\"@type\":\"BreadcrumbList\",\"@id\":\"http:\/\/www.masharif.com\/fr\/2020\/05\/08\/memoires-dun-critique-jetais-venu-a-critique-davant-garde-1\/#breadcrumb\",\"itemListElement\":[{\"@type\":\"ListItem\",\"position\":1,\"name\":\"Home\",\"item\":\"http:\/\/www.masharif.com\/fr\/\"},{\"@type\":\"ListItem\",\"position\":2,\"name\":\"M\u00e9moires d\u2019un critique : Comment j\u2019\u00e9tais venu \u00e0 la critique d\u2019avant-garde ? (1)par: Mohamed Salah Ben Amor\"}]},{\"@type\":\"Person\",\"@id\":\"http:\/\/www.masharif.com\/fr\/#\/schema\/person\/839a7026efe9fa825134097c1041e4a0\",\"name\":\"Mohamed Salah Ben Amor\",\"image\":{\"@type\":\"ImageObject\",\"inLanguage\":\"fr-FR\",\"@id\":\"http:\/\/www.masharif.com\/fr\/#\/schema\/person\/image\/\",\"url\":\"http:\/\/0.gravatar.com\/avatar\/f64806401ad5ed604ffec2272b19ef46?s=96&d=identicon&r=g\",\"contentUrl\":\"http:\/\/0.gravatar.com\/avatar\/f64806401ad5ed604ffec2272b19ef46?s=96&d=identicon&r=g\",\"caption\":\"Mohamed Salah Ben Amor\"},\"sameAs\":[\"http:\/\/ben-amor.info\"],\"url\":\"http:\/\/www.masharif.com\/fr\/author\/msba\/\"}]}<\/script>\n<!-- \/ Yoast SEO plugin. -->","yoast_head_json":{"title":"M\u00e9moires d\u2019un critique : Comment j\u2019\u00e9tais venu \u00e0 la critique d\u2019avant-garde  ? (1)par: Mohamed Salah Ben Amor - Culminances","robots":{"index":"index","follow":"follow","max-snippet":"max-snippet:-1","max-image-preview":"max-image-preview:large","max-video-preview":"max-video-preview:-1"},"canonical":"http:\/\/www.masharif.com\/fr\/2020\/05\/08\/memoires-dun-critique-jetais-venu-a-critique-davant-garde-1\/","og_locale":"fr_FR","og_type":"article","og_title":"M\u00e9moires d\u2019un critique : Comment j\u2019\u00e9tais venu \u00e0 la critique d\u2019avant-garde  ? (1)par: Mohamed Salah Ben Amor - Culminances","og_description":"Tous\u00a0 les \u00e9crivains , po\u00e8tes et\u00a0 journalistes qui \u00e9taient pr\u00e9sents sur la sc\u00e8ne litt\u00e9raire en Tunisie \u00e0 la fin des ann\u00e9es soixante et aux \u00a0d\u00e9buts des ann\u00e9es soixante-dix\u00a0\u00a0 \u00e9taient unanimes \u2013 et les vivants d\u2019entre eux le sont encore\u00a0&#8211;\u00a0\u00a0 que le mouvement d\u2019avant-garde litt\u00e9raire\u00a0 dans le pays a \u00e9t\u00e9 fond\u00e9 par le nouvelliste et le ...","og_url":"http:\/\/www.masharif.com\/fr\/2020\/05\/08\/memoires-dun-critique-jetais-venu-a-critique-davant-garde-1\/","og_site_name":"Culminances","article_published_time":"2020-05-08T19:31:45+00:00","article_modified_time":"2020-05-10T20:35:42+00:00","og_image":[{"width":560,"height":420,"url":"http:\/\/www.masharif.com\/fr\/wp-content\/uploads\/2020\/05\/phot-h\u00e9di.jpg","type":"image\/jpeg"}],"author":"Mohamed Salah Ben Amor","twitter_card":"summary","twitter_misc":{"\u00c9crit par":"Mohamed Salah Ben Amor","Dur\u00e9e de lecture estim\u00e9e":"5 minutes"},"schema":{"@context":"https:\/\/schema.org","@graph":[{"@type":"WebSite","@id":"http:\/\/www.masharif.com\/fr\/#website","url":"http:\/\/www.masharif.com\/fr\/","name":"Culminances","description":"","potentialAction":[{"@type":"SearchAction","target":{"@type":"EntryPoint","urlTemplate":"http:\/\/www.masharif.com\/fr\/?s={search_term_string}"},"query-input":"required name=search_term_string"}],"inLanguage":"fr-FR"},{"@type":"ImageObject","inLanguage":"fr-FR","@id":"http:\/\/www.masharif.com\/fr\/2020\/05\/08\/memoires-dun-critique-jetais-venu-a-critique-davant-garde-1\/#primaryimage","url":"http:\/\/www.masharif.com\/fr\/wp-content\/uploads\/2020\/05\/phot-h\u00e9di.jpg","contentUrl":"http:\/\/www.masharif.com\/fr\/wp-content\/uploads\/2020\/05\/phot-h\u00e9di.jpg","width":560,"height":420},{"@type":"WebPage","@id":"http:\/\/www.masharif.com\/fr\/2020\/05\/08\/memoires-dun-critique-jetais-venu-a-critique-davant-garde-1\/","url":"http:\/\/www.masharif.com\/fr\/2020\/05\/08\/memoires-dun-critique-jetais-venu-a-critique-davant-garde-1\/","name":"M\u00e9moires d\u2019un critique : Comment j\u2019\u00e9tais venu \u00e0 la critique d\u2019avant-garde ? (1)par: Mohamed Salah Ben Amor - Culminances","isPartOf":{"@id":"http:\/\/www.masharif.com\/fr\/#website"},"primaryImageOfPage":{"@id":"http:\/\/www.masharif.com\/fr\/2020\/05\/08\/memoires-dun-critique-jetais-venu-a-critique-davant-garde-1\/#primaryimage"},"datePublished":"2020-05-08T19:31:45+00:00","dateModified":"2020-05-10T20:35:42+00:00","author":{"@id":"http:\/\/www.masharif.com\/fr\/#\/schema\/person\/839a7026efe9fa825134097c1041e4a0"},"breadcrumb":{"@id":"http:\/\/www.masharif.com\/fr\/2020\/05\/08\/memoires-dun-critique-jetais-venu-a-critique-davant-garde-1\/#breadcrumb"},"inLanguage":"fr-FR","potentialAction":[{"@type":"ReadAction","target":["http:\/\/www.masharif.com\/fr\/2020\/05\/08\/memoires-dun-critique-jetais-venu-a-critique-davant-garde-1\/"]}]},{"@type":"BreadcrumbList","@id":"http:\/\/www.masharif.com\/fr\/2020\/05\/08\/memoires-dun-critique-jetais-venu-a-critique-davant-garde-1\/#breadcrumb","itemListElement":[{"@type":"ListItem","position":1,"name":"Home","item":"http:\/\/www.masharif.com\/fr\/"},{"@type":"ListItem","position":2,"name":"M\u00e9moires d\u2019un critique : Comment j\u2019\u00e9tais venu \u00e0 la critique d\u2019avant-garde ? (1)par: Mohamed Salah Ben Amor"}]},{"@type":"Person","@id":"http:\/\/www.masharif.com\/fr\/#\/schema\/person\/839a7026efe9fa825134097c1041e4a0","name":"Mohamed Salah Ben Amor","image":{"@type":"ImageObject","inLanguage":"fr-FR","@id":"http:\/\/www.masharif.com\/fr\/#\/schema\/person\/image\/","url":"http:\/\/0.gravatar.com\/avatar\/f64806401ad5ed604ffec2272b19ef46?s=96&d=identicon&r=g","contentUrl":"http:\/\/0.gravatar.com\/avatar\/f64806401ad5ed604ffec2272b19ef46?s=96&d=identicon&r=g","caption":"Mohamed Salah Ben Amor"},"sameAs":["http:\/\/ben-amor.info"],"url":"http:\/\/www.masharif.com\/fr\/author\/msba\/"}]}},"_links":{"self":[{"href":"http:\/\/www.masharif.com\/fr\/wp-json\/wp\/v2\/posts\/10815"}],"collection":[{"href":"http:\/\/www.masharif.com\/fr\/wp-json\/wp\/v2\/posts"}],"about":[{"href":"http:\/\/www.masharif.com\/fr\/wp-json\/wp\/v2\/types\/post"}],"author":[{"embeddable":true,"href":"http:\/\/www.masharif.com\/fr\/wp-json\/wp\/v2\/users\/2"}],"replies":[{"embeddable":true,"href":"http:\/\/www.masharif.com\/fr\/wp-json\/wp\/v2\/comments?post=10815"}],"version-history":[{"count":3,"href":"http:\/\/www.masharif.com\/fr\/wp-json\/wp\/v2\/posts\/10815\/revisions"}],"predecessor-version":[{"id":10828,"href":"http:\/\/www.masharif.com\/fr\/wp-json\/wp\/v2\/posts\/10815\/revisions\/10828"}],"wp:featuredmedia":[{"embeddable":true,"href":"http:\/\/www.masharif.com\/fr\/wp-json\/wp\/v2\/media\/10816"}],"wp:attachment":[{"href":"http:\/\/www.masharif.com\/fr\/wp-json\/wp\/v2\/media?parent=10815"}],"wp:term":[{"taxonomy":"category","embeddable":true,"href":"http:\/\/www.masharif.com\/fr\/wp-json\/wp\/v2\/categories?post=10815"},{"taxonomy":"post_tag","embeddable":true,"href":"http:\/\/www.masharif.com\/fr\/wp-json\/wp\/v2\/tags?post=10815"}],"curies":[{"name":"wp","href":"https:\/\/api.w.org\/{rel}","templated":true}]}}