{"id":10564,"date":"2020-01-17T12:21:55","date_gmt":"2020-01-17T11:21:55","guid":{"rendered":"http:\/\/www.masharif.com\/fr\/?p=10564"},"modified":"2020-01-17T12:21:55","modified_gmt":"2020-01-17T11:21:55","slug":"moi-morts-ola-hussamu-poete-syrienne-residant-suede","status":"publish","type":"post","link":"http:\/\/www.masharif.com\/fr\/2020\/01\/17\/moi-morts-ola-hussamu-poete-syrienne-residant-suede\/","title":{"rendered":"Moi et les morts par :Ola Hussamu \u2013 po\u00e8te syrienne r\u00e9sidant en Su\u00e8de"},"content":{"rendered":"<div id=\"attachment_10565\" style=\"width: 310px\" class=\"wp-caption alignnone\"><a href=\"http:\/\/www.masharif.com\/fr\/wp-content\/uploads\/2020\/01\/almaghribtoday-\u0639\u0644\u0627-\u062d\u0633\u0627\u0645\u0648.jpg\"><img aria-describedby=\"caption-attachment-10565\" loading=\"lazy\" class=\"wp-image-10565 size-medium\" src=\"http:\/\/www.masharif.com\/fr\/wp-content\/uploads\/2020\/01\/almaghribtoday-\u0639\u0644\u0627-\u062d\u0633\u0627\u0645\u0648-300x234.jpg\" alt=\"\" width=\"300\" height=\"234\" srcset=\"http:\/\/www.masharif.com\/fr\/wp-content\/uploads\/2020\/01\/almaghribtoday-\u0639\u0644\u0627-\u062d\u0633\u0627\u0645\u0648-300x234.jpg 300w, http:\/\/www.masharif.com\/fr\/wp-content\/uploads\/2020\/01\/almaghribtoday-\u0639\u0644\u0627-\u062d\u0633\u0627\u0645\u0648.jpg 416w\" sizes=\"(max-width: 300px) 100vw, 300px\" \/><\/a><p id=\"caption-attachment-10565\" class=\"wp-caption-text\">Ola Hussamu<\/p><\/div>\n<p><a href=\"http:\/\/www.masharif.com\/fr\/wp-content\/uploads\/2020\/01\/boy-with-broken-arm-after-car-accident.jpgsize1024.jpg\"><img loading=\"lazy\" class=\"alignnone size-medium wp-image-10566\" src=\"http:\/\/www.masharif.com\/fr\/wp-content\/uploads\/2020\/01\/boy-with-broken-arm-after-car-accident.jpgsize1024-300x199.jpg\" alt=\"\" width=\"300\" height=\"199\" srcset=\"http:\/\/www.masharif.com\/fr\/wp-content\/uploads\/2020\/01\/boy-with-broken-arm-after-car-accident.jpgsize1024-300x199.jpg 300w, http:\/\/www.masharif.com\/fr\/wp-content\/uploads\/2020\/01\/boy-with-broken-arm-after-car-accident.jpgsize1024-768x510.jpg 768w, http:\/\/www.masharif.com\/fr\/wp-content\/uploads\/2020\/01\/boy-with-broken-arm-after-car-accident.jpgsize1024.jpg 1024w\" sizes=\"(max-width: 300px) 100vw, 300px\" \/><\/a><\/p>\n<p>&nbsp;<\/p>\n<p><strong>Sur la place principale de la ville<\/strong><\/p>\n<p><strong>Les morts se font de plus en plus nombreux\u2026<\/strong><\/p>\n<p><strong>Se font de plus en plus nombreux\u2026<\/strong><\/p>\n<p><strong>Et \u00e0 douze heures pile, \u00e0 minuit<\/strong><\/p>\n<p><strong>Ils tournent leurs visages vers moi,<\/strong><\/p>\n<p><strong>Sourient..<\/strong><\/p>\n<p><strong>Forment des boules de boue visqueuse <\/strong><\/p>\n<p><strong>Et ils me les jettent\u2026<\/strong><\/p>\n<p><strong>Les morts ont un seul visage qui rit <\/strong><\/p>\n<p><strong>Tandis que moi qui n\u2019ai pas de visage<\/strong><\/p>\n<p><strong>Je pleure\u2026<\/strong><\/p>\n<p><strong>Je pleure puis je disparais dans les t\u00e9n\u00e8bres ahurissantes <\/strong><\/p>\n<p><strong>\u00a0<\/strong><\/p>\n<p><strong>\u00a0<\/strong><\/p>\n","protected":false},"excerpt":{"rendered":"<p>&nbsp; Sur la place principale de la ville Les morts se font de plus en plus nombreux\u2026 Se font de plus en plus nombreux\u2026 Et \u00e0 douze heures pile, \u00e0 minuit Ils tournent leurs visages vers moi, Sourient.. Forment des boules de boue visqueuse Et ils me les jettent\u2026 Les morts ont un seul visage &#8230;<\/p>\n","protected":false},"author":2,"featured_media":10565,"comment_status":"open","ping_status":"open","sticky":false,"template":"","format":"standard","meta":[],"categories":[4],"tags":[],"yoast_head":"<!-- This site is optimized with the Yoast SEO plugin v19.3 - https:\/\/yoast.com\/wordpress\/plugins\/seo\/ -->\n<title>Moi et les morts par :Ola Hussamu \u2013 po\u00e8te syrienne r\u00e9sidant en Su\u00e8de - Culminances<\/title>\n<meta name=\"robots\" content=\"index, follow, max-snippet:-1, max-image-preview:large, max-video-preview:-1\" \/>\n<link rel=\"canonical\" href=\"http:\/\/www.masharif.com\/fr\/2020\/01\/17\/moi-morts-ola-hussamu-poete-syrienne-residant-suede\/\" \/>\n<meta property=\"og:locale\" content=\"fr_FR\" \/>\n<meta property=\"og:type\" content=\"article\" \/>\n<meta property=\"og:title\" content=\"Moi et les morts par :Ola Hussamu \u2013 po\u00e8te syrienne r\u00e9sidant en Su\u00e8de - Culminances\" \/>\n<meta property=\"og:description\" content=\"&nbsp; Sur la place principale de la ville Les morts se font de plus en plus nombreux\u2026 Se font de plus en plus nombreux\u2026 Et \u00e0 douze heures pile, \u00e0 minuit Ils tournent leurs visages vers moi, Sourient.. Forment des boules de boue visqueuse Et ils me les jettent\u2026 Les morts ont un seul visage ...\" \/>\n<meta property=\"og:url\" content=\"http:\/\/www.masharif.com\/fr\/2020\/01\/17\/moi-morts-ola-hussamu-poete-syrienne-residant-suede\/\" \/>\n<meta property=\"og:site_name\" content=\"Culminances\" \/>\n<meta property=\"article:published_time\" content=\"2020-01-17T11:21:55+00:00\" \/>\n<meta property=\"og:image\" content=\"http:\/\/www.masharif.com\/fr\/wp-content\/uploads\/2020\/01\/almaghribtoday-\u0639\u0644\u0627-\u062d\u0633\u0627\u0645\u0648.jpg\" \/>\n\t<meta property=\"og:image:width\" content=\"416\" \/>\n\t<meta property=\"og:image:height\" content=\"325\" \/>\n\t<meta property=\"og:image:type\" content=\"image\/jpeg\" \/>\n<meta name=\"author\" content=\"Mohamed Salah Ben Amor\" \/>\n<meta name=\"twitter:card\" content=\"summary\" \/>\n<meta name=\"twitter:label1\" content=\"\u00c9crit par\" \/>\n\t<meta name=\"twitter:data1\" content=\"Mohamed Salah Ben Amor\" \/>\n<script type=\"application\/ld+json\" class=\"yoast-schema-graph\">{\"@context\":\"https:\/\/schema.org\",\"@graph\":[{\"@type\":\"WebSite\",\"@id\":\"https:\/\/www.masharif.com\/fr\/#website\",\"url\":\"https:\/\/www.masharif.com\/fr\/\",\"name\":\"Culminances\",\"description\":\"\",\"potentialAction\":[{\"@type\":\"SearchAction\",\"target\":{\"@type\":\"EntryPoint\",\"urlTemplate\":\"https:\/\/www.masharif.com\/fr\/?s={search_term_string}\"},\"query-input\":\"required name=search_term_string\"}],\"inLanguage\":\"fr-FR\"},{\"@type\":\"ImageObject\",\"inLanguage\":\"fr-FR\",\"@id\":\"http:\/\/www.masharif.com\/fr\/2020\/01\/17\/moi-morts-ola-hussamu-poete-syrienne-residant-suede\/#primaryimage\",\"url\":\"http:\/\/www.masharif.com\/fr\/wp-content\/uploads\/2020\/01\/almaghribtoday-\u0639\u0644\u0627-\u062d\u0633\u0627\u0645\u0648.jpg\",\"contentUrl\":\"http:\/\/www.masharif.com\/fr\/wp-content\/uploads\/2020\/01\/almaghribtoday-\u0639\u0644\u0627-\u062d\u0633\u0627\u0645\u0648.jpg\",\"width\":416,\"height\":325},{\"@type\":\"WebPage\",\"@id\":\"http:\/\/www.masharif.com\/fr\/2020\/01\/17\/moi-morts-ola-hussamu-poete-syrienne-residant-suede\/\",\"url\":\"http:\/\/www.masharif.com\/fr\/2020\/01\/17\/moi-morts-ola-hussamu-poete-syrienne-residant-suede\/\",\"name\":\"Moi et les morts par :Ola Hussamu \u2013 po\u00e8te syrienne r\u00e9sidant en Su\u00e8de - Culminances\",\"isPartOf\":{\"@id\":\"https:\/\/www.masharif.com\/fr\/#website\"},\"primaryImageOfPage\":{\"@id\":\"http:\/\/www.masharif.com\/fr\/2020\/01\/17\/moi-morts-ola-hussamu-poete-syrienne-residant-suede\/#primaryimage\"},\"datePublished\":\"2020-01-17T11:21:55+00:00\",\"dateModified\":\"2020-01-17T11:21:55+00:00\",\"author\":{\"@id\":\"https:\/\/www.masharif.com\/fr\/#\/schema\/person\/839a7026efe9fa825134097c1041e4a0\"},\"breadcrumb\":{\"@id\":\"http:\/\/www.masharif.com\/fr\/2020\/01\/17\/moi-morts-ola-hussamu-poete-syrienne-residant-suede\/#breadcrumb\"},\"inLanguage\":\"fr-FR\",\"potentialAction\":[{\"@type\":\"ReadAction\",\"target\":[\"http:\/\/www.masharif.com\/fr\/2020\/01\/17\/moi-morts-ola-hussamu-poete-syrienne-residant-suede\/\"]}]},{\"@type\":\"BreadcrumbList\",\"@id\":\"http:\/\/www.masharif.com\/fr\/2020\/01\/17\/moi-morts-ola-hussamu-poete-syrienne-residant-suede\/#breadcrumb\",\"itemListElement\":[{\"@type\":\"ListItem\",\"position\":1,\"name\":\"Home\",\"item\":\"https:\/\/www.masharif.com\/fr\/\"},{\"@type\":\"ListItem\",\"position\":2,\"name\":\"Moi et les morts par :Ola Hussamu \u2013 po\u00e8te syrienne r\u00e9sidant en Su\u00e8de\"}]},{\"@type\":\"Person\",\"@id\":\"https:\/\/www.masharif.com\/fr\/#\/schema\/person\/839a7026efe9fa825134097c1041e4a0\",\"name\":\"Mohamed Salah Ben Amor\",\"image\":{\"@type\":\"ImageObject\",\"inLanguage\":\"fr-FR\",\"@id\":\"https:\/\/www.masharif.com\/fr\/#\/schema\/person\/image\/\",\"url\":\"http:\/\/0.gravatar.com\/avatar\/f64806401ad5ed604ffec2272b19ef46?s=96&d=identicon&r=g\",\"contentUrl\":\"http:\/\/0.gravatar.com\/avatar\/f64806401ad5ed604ffec2272b19ef46?s=96&d=identicon&r=g\",\"caption\":\"Mohamed Salah Ben Amor\"},\"sameAs\":[\"http:\/\/ben-amor.info\"],\"url\":\"http:\/\/www.masharif.com\/fr\/author\/msba\/\"}]}<\/script>\n<!-- \/ Yoast SEO plugin. -->","yoast_head_json":{"title":"Moi et les morts par :Ola Hussamu \u2013 po\u00e8te syrienne r\u00e9sidant en Su\u00e8de - Culminances","robots":{"index":"index","follow":"follow","max-snippet":"max-snippet:-1","max-image-preview":"max-image-preview:large","max-video-preview":"max-video-preview:-1"},"canonical":"http:\/\/www.masharif.com\/fr\/2020\/01\/17\/moi-morts-ola-hussamu-poete-syrienne-residant-suede\/","og_locale":"fr_FR","og_type":"article","og_title":"Moi et les morts par :Ola Hussamu \u2013 po\u00e8te syrienne r\u00e9sidant en Su\u00e8de - Culminances","og_description":"&nbsp; Sur la place principale de la ville Les morts se font de plus en plus nombreux\u2026 Se font de plus en plus nombreux\u2026 Et \u00e0 douze heures pile, \u00e0 minuit Ils tournent leurs visages vers moi, Sourient.. Forment des boules de boue visqueuse Et ils me les jettent\u2026 Les morts ont un seul visage ...","og_url":"http:\/\/www.masharif.com\/fr\/2020\/01\/17\/moi-morts-ola-hussamu-poete-syrienne-residant-suede\/","og_site_name":"Culminances","article_published_time":"2020-01-17T11:21:55+00:00","og_image":[{"width":416,"height":325,"url":"http:\/\/www.masharif.com\/fr\/wp-content\/uploads\/2020\/01\/almaghribtoday-\u0639\u0644\u0627-\u062d\u0633\u0627\u0645\u0648.jpg","type":"image\/jpeg"}],"author":"Mohamed Salah Ben Amor","twitter_card":"summary","twitter_misc":{"\u00c9crit par":"Mohamed Salah Ben Amor"},"schema":{"@context":"https:\/\/schema.org","@graph":[{"@type":"WebSite","@id":"https:\/\/www.masharif.com\/fr\/#website","url":"https:\/\/www.masharif.com\/fr\/","name":"Culminances","description":"","potentialAction":[{"@type":"SearchAction","target":{"@type":"EntryPoint","urlTemplate":"https:\/\/www.masharif.com\/fr\/?s={search_term_string}"},"query-input":"required name=search_term_string"}],"inLanguage":"fr-FR"},{"@type":"ImageObject","inLanguage":"fr-FR","@id":"http:\/\/www.masharif.com\/fr\/2020\/01\/17\/moi-morts-ola-hussamu-poete-syrienne-residant-suede\/#primaryimage","url":"http:\/\/www.masharif.com\/fr\/wp-content\/uploads\/2020\/01\/almaghribtoday-\u0639\u0644\u0627-\u062d\u0633\u0627\u0645\u0648.jpg","contentUrl":"http:\/\/www.masharif.com\/fr\/wp-content\/uploads\/2020\/01\/almaghribtoday-\u0639\u0644\u0627-\u062d\u0633\u0627\u0645\u0648.jpg","width":416,"height":325},{"@type":"WebPage","@id":"http:\/\/www.masharif.com\/fr\/2020\/01\/17\/moi-morts-ola-hussamu-poete-syrienne-residant-suede\/","url":"http:\/\/www.masharif.com\/fr\/2020\/01\/17\/moi-morts-ola-hussamu-poete-syrienne-residant-suede\/","name":"Moi et les morts par :Ola Hussamu \u2013 po\u00e8te syrienne r\u00e9sidant en Su\u00e8de - Culminances","isPartOf":{"@id":"https:\/\/www.masharif.com\/fr\/#website"},"primaryImageOfPage":{"@id":"http:\/\/www.masharif.com\/fr\/2020\/01\/17\/moi-morts-ola-hussamu-poete-syrienne-residant-suede\/#primaryimage"},"datePublished":"2020-01-17T11:21:55+00:00","dateModified":"2020-01-17T11:21:55+00:00","author":{"@id":"https:\/\/www.masharif.com\/fr\/#\/schema\/person\/839a7026efe9fa825134097c1041e4a0"},"breadcrumb":{"@id":"http:\/\/www.masharif.com\/fr\/2020\/01\/17\/moi-morts-ola-hussamu-poete-syrienne-residant-suede\/#breadcrumb"},"inLanguage":"fr-FR","potentialAction":[{"@type":"ReadAction","target":["http:\/\/www.masharif.com\/fr\/2020\/01\/17\/moi-morts-ola-hussamu-poete-syrienne-residant-suede\/"]}]},{"@type":"BreadcrumbList","@id":"http:\/\/www.masharif.com\/fr\/2020\/01\/17\/moi-morts-ola-hussamu-poete-syrienne-residant-suede\/#breadcrumb","itemListElement":[{"@type":"ListItem","position":1,"name":"Home","item":"https:\/\/www.masharif.com\/fr\/"},{"@type":"ListItem","position":2,"name":"Moi et les morts par :Ola Hussamu \u2013 po\u00e8te syrienne r\u00e9sidant en Su\u00e8de"}]},{"@type":"Person","@id":"https:\/\/www.masharif.com\/fr\/#\/schema\/person\/839a7026efe9fa825134097c1041e4a0","name":"Mohamed Salah Ben Amor","image":{"@type":"ImageObject","inLanguage":"fr-FR","@id":"https:\/\/www.masharif.com\/fr\/#\/schema\/person\/image\/","url":"http:\/\/0.gravatar.com\/avatar\/f64806401ad5ed604ffec2272b19ef46?s=96&d=identicon&r=g","contentUrl":"http:\/\/0.gravatar.com\/avatar\/f64806401ad5ed604ffec2272b19ef46?s=96&d=identicon&r=g","caption":"Mohamed Salah Ben Amor"},"sameAs":["http:\/\/ben-amor.info"],"url":"http:\/\/www.masharif.com\/fr\/author\/msba\/"}]}},"_links":{"self":[{"href":"http:\/\/www.masharif.com\/fr\/wp-json\/wp\/v2\/posts\/10564"}],"collection":[{"href":"http:\/\/www.masharif.com\/fr\/wp-json\/wp\/v2\/posts"}],"about":[{"href":"http:\/\/www.masharif.com\/fr\/wp-json\/wp\/v2\/types\/post"}],"author":[{"embeddable":true,"href":"http:\/\/www.masharif.com\/fr\/wp-json\/wp\/v2\/users\/2"}],"replies":[{"embeddable":true,"href":"http:\/\/www.masharif.com\/fr\/wp-json\/wp\/v2\/comments?post=10564"}],"version-history":[{"count":1,"href":"http:\/\/www.masharif.com\/fr\/wp-json\/wp\/v2\/posts\/10564\/revisions"}],"predecessor-version":[{"id":10567,"href":"http:\/\/www.masharif.com\/fr\/wp-json\/wp\/v2\/posts\/10564\/revisions\/10567"}],"wp:featuredmedia":[{"embeddable":true,"href":"http:\/\/www.masharif.com\/fr\/wp-json\/wp\/v2\/media\/10565"}],"wp:attachment":[{"href":"http:\/\/www.masharif.com\/fr\/wp-json\/wp\/v2\/media?parent=10564"}],"wp:term":[{"taxonomy":"category","embeddable":true,"href":"http:\/\/www.masharif.com\/fr\/wp-json\/wp\/v2\/categories?post=10564"},{"taxonomy":"post_tag","embeddable":true,"href":"http:\/\/www.masharif.com\/fr\/wp-json\/wp\/v2\/tags?post=10564"}],"curies":[{"name":"wp","href":"https:\/\/api.w.org\/{rel}","templated":true}]}}