{"id":10435,"date":"2019-12-06T13:08:42","date_gmt":"2019-12-06T12:08:42","guid":{"rendered":"http:\/\/www.masharif.com\/fr\/?p=10435"},"modified":"2019-12-06T13:08:42","modified_gmt":"2019-12-06T12:08:42","slug":"de-lune-monika-del-rio-poetesse-polonaise-bruxelles-belgique","status":"publish","type":"post","link":"http:\/\/www.masharif.com\/fr\/2019\/12\/06\/de-lune-monika-del-rio-poetesse-polonaise-bruxelles-belgique\/","title":{"rendered":"Sur le dos de la lune par : Monika del Rio \u2013 po\u00e9tesse polonaise  &#8211; Bruxelles- Belgique"},"content":{"rendered":"<div id=\"attachment_10437\" style=\"width: 310px\" class=\"wp-caption alignnone\"><a href=\"http:\/\/www.masharif.com\/fr\/wp-content\/uploads\/2019\/12\/12186428_10208092344496006_5735060495325133512_o.jpg\"><img aria-describedby=\"caption-attachment-10437\" loading=\"lazy\" class=\"wp-image-10437 size-medium\" src=\"http:\/\/www.masharif.com\/fr\/wp-content\/uploads\/2019\/12\/12186428_10208092344496006_5735060495325133512_o-300x226.jpg\" alt=\"\" width=\"300\" height=\"226\" srcset=\"http:\/\/www.masharif.com\/fr\/wp-content\/uploads\/2019\/12\/12186428_10208092344496006_5735060495325133512_o-300x226.jpg 300w, http:\/\/www.masharif.com\/fr\/wp-content\/uploads\/2019\/12\/12186428_10208092344496006_5735060495325133512_o-768x577.jpg 768w, http:\/\/www.masharif.com\/fr\/wp-content\/uploads\/2019\/12\/12186428_10208092344496006_5735060495325133512_o-1024x770.jpg 1024w, http:\/\/www.masharif.com\/fr\/wp-content\/uploads\/2019\/12\/12186428_10208092344496006_5735060495325133512_o.jpg 1370w\" sizes=\"(max-width: 300px) 100vw, 300px\" \/><\/a><p id=\"caption-attachment-10437\" class=\"wp-caption-text\">Monika del Rio<\/p><\/div>\n<p><a href=\"http:\/\/www.masharif.com\/fr\/wp-content\/uploads\/2019\/12\/moon_lune-1.jpg\"><img loading=\"lazy\" class=\"alignnone size-medium wp-image-10436\" src=\"http:\/\/www.masharif.com\/fr\/wp-content\/uploads\/2019\/12\/moon_lune-1-300x138.jpg\" alt=\"\" width=\"300\" height=\"138\" srcset=\"http:\/\/www.masharif.com\/fr\/wp-content\/uploads\/2019\/12\/moon_lune-1-300x138.jpg 300w, http:\/\/www.masharif.com\/fr\/wp-content\/uploads\/2019\/12\/moon_lune-1-768x352.jpg 768w, http:\/\/www.masharif.com\/fr\/wp-content\/uploads\/2019\/12\/moon_lune-1-272x125.jpg 272w, http:\/\/www.masharif.com\/fr\/wp-content\/uploads\/2019\/12\/moon_lune-1.jpg 960w\" sizes=\"(max-width: 300px) 100vw, 300px\" \/><\/a><\/p>\n<p>&nbsp;<\/p>\n<p><strong>Sur le dos<\/strong><\/p>\n<p><strong>De la lune<\/strong><\/p>\n<p><strong>T\u00eatue comme<\/strong><\/p>\n<p><strong>Une mule, j&#8217;avance<\/strong><\/p>\n<p><strong>P\u00e9niblement&#8230;<\/strong><\/p>\n<p><strong>Traversant des champs vastes<\/strong><\/p>\n<p><strong>de la nuit<\/strong><\/p>\n<p><strong>Ondul\u00e9s par le vent.<\/strong><\/p>\n<p><strong>Oh! Ma nuit profonde!<\/strong><\/p>\n<p><strong>Nourrie de bruits sauvages,<\/strong><\/p>\n<p><strong>Battue par le fouet<\/strong><\/p>\n<p><strong>De la pluie!<\/strong><\/p>\n<p><strong>Ma robe con\u00e7ue<\/strong><\/p>\n<p><strong>De ton tissu \u00e9toil\u00e9<\/strong><\/p>\n<p><strong>Se d\u00e9chire&#8230;<\/strong><\/p>\n<p><strong>\u00c0 cause de lettres<\/strong><\/p>\n<p><strong>De ton alphabet<\/strong><\/p>\n<p><strong>Des sons extravagants<\/strong><\/p>\n<p><strong>Sortis tout droit<\/strong><\/p>\n<p><strong>De tes yeux&#8230;<\/strong><\/p>\n<p><strong>\u00a0<\/strong><\/p>\n<p><strong>\u00a0<\/strong><\/p>\n","protected":false},"excerpt":{"rendered":"<p>&nbsp; Sur le dos De la lune T\u00eatue comme Une mule, j&#8217;avance P\u00e9niblement&#8230; Traversant des champs vastes de la nuit Ondul\u00e9s par le vent. Oh! Ma nuit profonde! Nourrie de bruits sauvages, Battue par le fouet De la pluie! Ma robe con\u00e7ue De ton tissu \u00e9toil\u00e9 Se d\u00e9chire&#8230; \u00c0 cause de lettres De ton alphabet &#8230;<\/p>\n","protected":false},"author":2,"featured_media":10436,"comment_status":"open","ping_status":"open","sticky":false,"template":"","format":"standard","meta":[],"categories":[4],"tags":[],"yoast_head":"<!-- This site is optimized with the Yoast SEO plugin v19.3 - https:\/\/yoast.com\/wordpress\/plugins\/seo\/ -->\n<title>Sur le dos de la lune par : Monika del Rio \u2013 po\u00e9tesse polonaise - Bruxelles- Belgique - Culminances<\/title>\n<meta name=\"robots\" content=\"index, follow, max-snippet:-1, max-image-preview:large, max-video-preview:-1\" \/>\n<link rel=\"canonical\" href=\"http:\/\/www.masharif.com\/fr\/2019\/12\/06\/de-lune-monika-del-rio-poetesse-polonaise-bruxelles-belgique\/\" \/>\n<meta property=\"og:locale\" content=\"fr_FR\" \/>\n<meta property=\"og:type\" content=\"article\" \/>\n<meta property=\"og:title\" content=\"Sur le dos de la lune par : Monika del Rio \u2013 po\u00e9tesse polonaise - Bruxelles- Belgique - Culminances\" \/>\n<meta property=\"og:description\" content=\"&nbsp; Sur le dos De la lune T\u00eatue comme Une mule, j&#8217;avance P\u00e9niblement&#8230; Traversant des champs vastes de la nuit Ondul\u00e9s par le vent. Oh! Ma nuit profonde! Nourrie de bruits sauvages, Battue par le fouet De la pluie! Ma robe con\u00e7ue De ton tissu \u00e9toil\u00e9 Se d\u00e9chire&#8230; \u00c0 cause de lettres De ton alphabet ...\" \/>\n<meta property=\"og:url\" content=\"http:\/\/www.masharif.com\/fr\/2019\/12\/06\/de-lune-monika-del-rio-poetesse-polonaise-bruxelles-belgique\/\" \/>\n<meta property=\"og:site_name\" content=\"Culminances\" \/>\n<meta property=\"article:published_time\" content=\"2019-12-06T12:08:42+00:00\" \/>\n<meta property=\"og:image\" content=\"http:\/\/www.masharif.com\/fr\/wp-content\/uploads\/2019\/12\/moon_lune-1.jpg\" \/>\n\t<meta property=\"og:image:width\" content=\"960\" \/>\n\t<meta property=\"og:image:height\" content=\"440\" \/>\n\t<meta property=\"og:image:type\" content=\"image\/jpeg\" \/>\n<meta name=\"author\" content=\"Mohamed Salah Ben Amor\" \/>\n<meta name=\"twitter:card\" content=\"summary\" \/>\n<meta name=\"twitter:label1\" content=\"\u00c9crit par\" \/>\n\t<meta name=\"twitter:data1\" content=\"Mohamed Salah Ben Amor\" \/>\n<script type=\"application\/ld+json\" class=\"yoast-schema-graph\">{\"@context\":\"https:\/\/schema.org\",\"@graph\":[{\"@type\":\"WebSite\",\"@id\":\"http:\/\/www.masharif.com\/fr\/#website\",\"url\":\"http:\/\/www.masharif.com\/fr\/\",\"name\":\"Culminances\",\"description\":\"\",\"potentialAction\":[{\"@type\":\"SearchAction\",\"target\":{\"@type\":\"EntryPoint\",\"urlTemplate\":\"http:\/\/www.masharif.com\/fr\/?s={search_term_string}\"},\"query-input\":\"required name=search_term_string\"}],\"inLanguage\":\"fr-FR\"},{\"@type\":\"ImageObject\",\"inLanguage\":\"fr-FR\",\"@id\":\"http:\/\/www.masharif.com\/fr\/2019\/12\/06\/de-lune-monika-del-rio-poetesse-polonaise-bruxelles-belgique\/#primaryimage\",\"url\":\"http:\/\/www.masharif.com\/fr\/wp-content\/uploads\/2019\/12\/moon_lune-1.jpg\",\"contentUrl\":\"http:\/\/www.masharif.com\/fr\/wp-content\/uploads\/2019\/12\/moon_lune-1.jpg\",\"width\":960,\"height\":440},{\"@type\":\"WebPage\",\"@id\":\"http:\/\/www.masharif.com\/fr\/2019\/12\/06\/de-lune-monika-del-rio-poetesse-polonaise-bruxelles-belgique\/\",\"url\":\"http:\/\/www.masharif.com\/fr\/2019\/12\/06\/de-lune-monika-del-rio-poetesse-polonaise-bruxelles-belgique\/\",\"name\":\"Sur le dos de la lune par : Monika del Rio \u2013 po\u00e9tesse polonaise - Bruxelles- Belgique - Culminances\",\"isPartOf\":{\"@id\":\"http:\/\/www.masharif.com\/fr\/#website\"},\"primaryImageOfPage\":{\"@id\":\"http:\/\/www.masharif.com\/fr\/2019\/12\/06\/de-lune-monika-del-rio-poetesse-polonaise-bruxelles-belgique\/#primaryimage\"},\"datePublished\":\"2019-12-06T12:08:42+00:00\",\"dateModified\":\"2019-12-06T12:08:42+00:00\",\"author\":{\"@id\":\"http:\/\/www.masharif.com\/fr\/#\/schema\/person\/839a7026efe9fa825134097c1041e4a0\"},\"breadcrumb\":{\"@id\":\"http:\/\/www.masharif.com\/fr\/2019\/12\/06\/de-lune-monika-del-rio-poetesse-polonaise-bruxelles-belgique\/#breadcrumb\"},\"inLanguage\":\"fr-FR\",\"potentialAction\":[{\"@type\":\"ReadAction\",\"target\":[\"http:\/\/www.masharif.com\/fr\/2019\/12\/06\/de-lune-monika-del-rio-poetesse-polonaise-bruxelles-belgique\/\"]}]},{\"@type\":\"BreadcrumbList\",\"@id\":\"http:\/\/www.masharif.com\/fr\/2019\/12\/06\/de-lune-monika-del-rio-poetesse-polonaise-bruxelles-belgique\/#breadcrumb\",\"itemListElement\":[{\"@type\":\"ListItem\",\"position\":1,\"name\":\"Home\",\"item\":\"http:\/\/www.masharif.com\/fr\/\"},{\"@type\":\"ListItem\",\"position\":2,\"name\":\"Sur le dos de la lune par : Monika del Rio \u2013 po\u00e9tesse polonaise &#8211; Bruxelles- Belgique\"}]},{\"@type\":\"Person\",\"@id\":\"http:\/\/www.masharif.com\/fr\/#\/schema\/person\/839a7026efe9fa825134097c1041e4a0\",\"name\":\"Mohamed Salah Ben Amor\",\"image\":{\"@type\":\"ImageObject\",\"inLanguage\":\"fr-FR\",\"@id\":\"http:\/\/www.masharif.com\/fr\/#\/schema\/person\/image\/\",\"url\":\"http:\/\/0.gravatar.com\/avatar\/f64806401ad5ed604ffec2272b19ef46?s=96&d=identicon&r=g\",\"contentUrl\":\"http:\/\/0.gravatar.com\/avatar\/f64806401ad5ed604ffec2272b19ef46?s=96&d=identicon&r=g\",\"caption\":\"Mohamed Salah Ben Amor\"},\"sameAs\":[\"http:\/\/ben-amor.info\"],\"url\":\"http:\/\/www.masharif.com\/fr\/author\/msba\/\"}]}<\/script>\n<!-- \/ Yoast SEO plugin. -->","yoast_head_json":{"title":"Sur le dos de la lune par : Monika del Rio \u2013 po\u00e9tesse polonaise - Bruxelles- Belgique - Culminances","robots":{"index":"index","follow":"follow","max-snippet":"max-snippet:-1","max-image-preview":"max-image-preview:large","max-video-preview":"max-video-preview:-1"},"canonical":"http:\/\/www.masharif.com\/fr\/2019\/12\/06\/de-lune-monika-del-rio-poetesse-polonaise-bruxelles-belgique\/","og_locale":"fr_FR","og_type":"article","og_title":"Sur le dos de la lune par : Monika del Rio \u2013 po\u00e9tesse polonaise - Bruxelles- Belgique - Culminances","og_description":"&nbsp; Sur le dos De la lune T\u00eatue comme Une mule, j&#8217;avance P\u00e9niblement&#8230; Traversant des champs vastes de la nuit Ondul\u00e9s par le vent. Oh! Ma nuit profonde! Nourrie de bruits sauvages, Battue par le fouet De la pluie! Ma robe con\u00e7ue De ton tissu \u00e9toil\u00e9 Se d\u00e9chire&#8230; \u00c0 cause de lettres De ton alphabet ...","og_url":"http:\/\/www.masharif.com\/fr\/2019\/12\/06\/de-lune-monika-del-rio-poetesse-polonaise-bruxelles-belgique\/","og_site_name":"Culminances","article_published_time":"2019-12-06T12:08:42+00:00","og_image":[{"width":960,"height":440,"url":"http:\/\/www.masharif.com\/fr\/wp-content\/uploads\/2019\/12\/moon_lune-1.jpg","type":"image\/jpeg"}],"author":"Mohamed Salah Ben Amor","twitter_card":"summary","twitter_misc":{"\u00c9crit par":"Mohamed Salah Ben Amor"},"schema":{"@context":"https:\/\/schema.org","@graph":[{"@type":"WebSite","@id":"http:\/\/www.masharif.com\/fr\/#website","url":"http:\/\/www.masharif.com\/fr\/","name":"Culminances","description":"","potentialAction":[{"@type":"SearchAction","target":{"@type":"EntryPoint","urlTemplate":"http:\/\/www.masharif.com\/fr\/?s={search_term_string}"},"query-input":"required name=search_term_string"}],"inLanguage":"fr-FR"},{"@type":"ImageObject","inLanguage":"fr-FR","@id":"http:\/\/www.masharif.com\/fr\/2019\/12\/06\/de-lune-monika-del-rio-poetesse-polonaise-bruxelles-belgique\/#primaryimage","url":"http:\/\/www.masharif.com\/fr\/wp-content\/uploads\/2019\/12\/moon_lune-1.jpg","contentUrl":"http:\/\/www.masharif.com\/fr\/wp-content\/uploads\/2019\/12\/moon_lune-1.jpg","width":960,"height":440},{"@type":"WebPage","@id":"http:\/\/www.masharif.com\/fr\/2019\/12\/06\/de-lune-monika-del-rio-poetesse-polonaise-bruxelles-belgique\/","url":"http:\/\/www.masharif.com\/fr\/2019\/12\/06\/de-lune-monika-del-rio-poetesse-polonaise-bruxelles-belgique\/","name":"Sur le dos de la lune par : Monika del Rio \u2013 po\u00e9tesse polonaise - Bruxelles- Belgique - Culminances","isPartOf":{"@id":"http:\/\/www.masharif.com\/fr\/#website"},"primaryImageOfPage":{"@id":"http:\/\/www.masharif.com\/fr\/2019\/12\/06\/de-lune-monika-del-rio-poetesse-polonaise-bruxelles-belgique\/#primaryimage"},"datePublished":"2019-12-06T12:08:42+00:00","dateModified":"2019-12-06T12:08:42+00:00","author":{"@id":"http:\/\/www.masharif.com\/fr\/#\/schema\/person\/839a7026efe9fa825134097c1041e4a0"},"breadcrumb":{"@id":"http:\/\/www.masharif.com\/fr\/2019\/12\/06\/de-lune-monika-del-rio-poetesse-polonaise-bruxelles-belgique\/#breadcrumb"},"inLanguage":"fr-FR","potentialAction":[{"@type":"ReadAction","target":["http:\/\/www.masharif.com\/fr\/2019\/12\/06\/de-lune-monika-del-rio-poetesse-polonaise-bruxelles-belgique\/"]}]},{"@type":"BreadcrumbList","@id":"http:\/\/www.masharif.com\/fr\/2019\/12\/06\/de-lune-monika-del-rio-poetesse-polonaise-bruxelles-belgique\/#breadcrumb","itemListElement":[{"@type":"ListItem","position":1,"name":"Home","item":"http:\/\/www.masharif.com\/fr\/"},{"@type":"ListItem","position":2,"name":"Sur le dos de la lune par : Monika del Rio \u2013 po\u00e9tesse polonaise &#8211; Bruxelles- Belgique"}]},{"@type":"Person","@id":"http:\/\/www.masharif.com\/fr\/#\/schema\/person\/839a7026efe9fa825134097c1041e4a0","name":"Mohamed Salah Ben Amor","image":{"@type":"ImageObject","inLanguage":"fr-FR","@id":"http:\/\/www.masharif.com\/fr\/#\/schema\/person\/image\/","url":"http:\/\/0.gravatar.com\/avatar\/f64806401ad5ed604ffec2272b19ef46?s=96&d=identicon&r=g","contentUrl":"http:\/\/0.gravatar.com\/avatar\/f64806401ad5ed604ffec2272b19ef46?s=96&d=identicon&r=g","caption":"Mohamed Salah Ben Amor"},"sameAs":["http:\/\/ben-amor.info"],"url":"http:\/\/www.masharif.com\/fr\/author\/msba\/"}]}},"_links":{"self":[{"href":"http:\/\/www.masharif.com\/fr\/wp-json\/wp\/v2\/posts\/10435"}],"collection":[{"href":"http:\/\/www.masharif.com\/fr\/wp-json\/wp\/v2\/posts"}],"about":[{"href":"http:\/\/www.masharif.com\/fr\/wp-json\/wp\/v2\/types\/post"}],"author":[{"embeddable":true,"href":"http:\/\/www.masharif.com\/fr\/wp-json\/wp\/v2\/users\/2"}],"replies":[{"embeddable":true,"href":"http:\/\/www.masharif.com\/fr\/wp-json\/wp\/v2\/comments?post=10435"}],"version-history":[{"count":1,"href":"http:\/\/www.masharif.com\/fr\/wp-json\/wp\/v2\/posts\/10435\/revisions"}],"predecessor-version":[{"id":10438,"href":"http:\/\/www.masharif.com\/fr\/wp-json\/wp\/v2\/posts\/10435\/revisions\/10438"}],"wp:featuredmedia":[{"embeddable":true,"href":"http:\/\/www.masharif.com\/fr\/wp-json\/wp\/v2\/media\/10436"}],"wp:attachment":[{"href":"http:\/\/www.masharif.com\/fr\/wp-json\/wp\/v2\/media?parent=10435"}],"wp:term":[{"taxonomy":"category","embeddable":true,"href":"http:\/\/www.masharif.com\/fr\/wp-json\/wp\/v2\/categories?post=10435"},{"taxonomy":"post_tag","embeddable":true,"href":"http:\/\/www.masharif.com\/fr\/wp-json\/wp\/v2\/tags?post=10435"}],"curies":[{"name":"wp","href":"https:\/\/api.w.org\/{rel}","templated":true}]}}