{"id":10415,"date":"2019-12-06T07:03:05","date_gmt":"2019-12-06T06:03:05","guid":{"rendered":"http:\/\/www.masharif.com\/fr\/?p=10415"},"modified":"2019-12-06T10:30:11","modified_gmt":"2019-12-06T09:30:11","slug":"entretiens-de-culminances-2eme-serie-1-poetesse-algerienne-ouarda-baziz-cherifi","status":"publish","type":"post","link":"http:\/\/www.masharif.com\/fr\/2019\/12\/06\/entretiens-de-culminances-2eme-serie-1-poetesse-algerienne-ouarda-baziz-cherifi\/","title":{"rendered":"Les entretiens de \u00ab Culminances \u00bb (2\u00e8me s\u00e9rie) :1 \u2013Avec la po\u00e9tesse alg\u00e9rienne Ouarda Baziz Cherifi"},"content":{"rendered":"<p><a href=\"http:\/\/www.masharif.com\/fr\/wp-content\/uploads\/2019\/12\/53865625_2221454167897738_3486281961264119808_n.jpg\"><img loading=\"lazy\" class=\"alignnone size-medium wp-image-10417\" src=\"http:\/\/www.masharif.com\/fr\/wp-content\/uploads\/2019\/12\/53865625_2221454167897738_3486281961264119808_n-225x300.jpg\" alt=\"\" width=\"225\" height=\"300\" srcset=\"http:\/\/www.masharif.com\/fr\/wp-content\/uploads\/2019\/12\/53865625_2221454167897738_3486281961264119808_n-225x300.jpg 225w, http:\/\/www.masharif.com\/fr\/wp-content\/uploads\/2019\/12\/53865625_2221454167897738_3486281961264119808_n.jpg 720w\" sizes=\"(max-width: 225px) 100vw, 225px\" \/><\/a><\/p>\n<p>&nbsp;<\/p>\n<p><strong>Qui est Ouarda Baziz Cherifi\u00a0?<\/strong><\/p>\n<p>Ouarda Baziz Cherifi est n\u00e9e en Alg\u00e9rie. Elle est professeur de lettres anglaises. Cela ne l\u2019emp\u00eache pas de pr\u00e9f\u00e9rer \u00e9crire en fran\u00e7ais, pas plus que les contraintes familiales ne l\u2019ont d\u00e9courag\u00e9e dans son exp\u00e9rience po\u00e9tique. L\u2019\u00e9criture fut, en effet et comme souvent, son premier moyen d\u2019introspection, avant de devenir un moyen d\u2019expression aujourd\u2019hui encourag\u00e9 par son entourage.<\/p>\n<p>Dans ses po\u00e8mes elle est profond\u00e9ment pr\u00e9occup\u00e9e par la d\u00e9gradation des valeurs morales dans la soci\u00e9t\u00e9 .Et au niveau de la forme, elle a opt\u00e9 pour la po\u00e9sie libre.<\/p>\n<p><strong>Ses\u00a0 recueils de po\u00e9sie\u00a0:<\/strong><\/p>\n<p>Recueils de po\u00e9sie libreI,Edilivre, Paris 2012<\/p>\n<p>Recueils de po\u00e9sie libre II,Edilivre, Paris 2012<\/p>\n<p>Amour de guerre, Edilivre, Paris 2015<\/p>\n<p>Au rimes de mon c\u0153ur, \u00e0 compte d\u2019auteur, Alger, 2019<\/p>\n<p><strong>Ses romans\u00a0:<\/strong><\/p>\n<p>Principes et Amertumes ,\u00e0 compte d\u2019auteur, Alger ,2017<\/p>\n<p>Les survivants de l\u2019oubli,\u00e0 compte d\u2019auteur, Alger 2018<\/p>\n<p>&nbsp;<\/p>\n<p><a href=\"http:\/\/www.masharif.com\/fr\/wp-content\/uploads\/2019\/12\/53752191_2221454417897713_5731210046319099904_n.jpg\"><img loading=\"lazy\" class=\"alignnone size-medium wp-image-10416\" src=\"http:\/\/www.masharif.com\/fr\/wp-content\/uploads\/2019\/12\/53752191_2221454417897713_5731210046319099904_n-225x300.jpg\" alt=\"\" width=\"225\" height=\"300\" srcset=\"http:\/\/www.masharif.com\/fr\/wp-content\/uploads\/2019\/12\/53752191_2221454417897713_5731210046319099904_n-225x300.jpg 225w, http:\/\/www.masharif.com\/fr\/wp-content\/uploads\/2019\/12\/53752191_2221454417897713_5731210046319099904_n.jpg 720w\" sizes=\"(max-width: 225px) 100vw, 225px\" \/><\/a><\/p>\n<p>&nbsp;<\/p>\n<p><strong>Question1<\/strong>\u00a0:Le probl\u00e8me qui vous pr\u00e9occupe le plus dans vos po\u00e8mes est celui de la d\u00e9gradation des valeurs morales dans la soci\u00e9t\u00e9. pensez-vous vraiment que la po\u00e9sie peut aujourd\u2019hui apporter des solutions \u00e0 ce probl\u00e8me\u00a0? N\u2019est-ce pas plut\u00f4t le r\u00f4le de la religion ou de l\u2019enseignement\u00a0 ou la famille\u00a0?<\/p>\n<p><strong>Ouarda Baziz Cherifi<\/strong>\u00a0:Bonjour et mille merci pour votre int\u00e9r\u00eat de ma modeste vie de po\u00e9tesse et d&#8217;\u00e9crivaine.<br \/>\nPour les maux que je d\u00e9nonce, il y a la d\u00e9chirure sociale, familiale et fraternelle. Et ce manquement m&#8217; interpelle beaucoup au point o\u00fb je lui consacre beaucoup d&#8217; espace dans ma po\u00e9sie. Justement, j&#8217; utilise ces vers pour me lib\u00e9rer de mes maux, de mes angoisses et de mes appr\u00e9hensions. La po\u00e9sie est donc un moyen d&#8217; expression qui peut aboutir et toucher les autres. Bien \u00e9videment, elle est plus calme , plus paisible quand elle exprime tous ces sentiments humains tels que la col\u00e9re et l&#8217; amertume mais elle peut , sans aucun doute d\u00e9passer l&#8217; espace d&#8217; un papier, d&#8217; un texte, d&#8217; un sonnet, d&#8217; un quatrain pour int\u00e9grer le coeur et la conscience des personnes. Autant que tous les autres moyens de prospection tels que les m\u00e9dias, par exemple.<br \/>\nQuant \u00e0 l&#8217; \u00e9cole, je pense que cette institution peut \u00e9duquer, redresser, sensibiliser, inculquer dans tous ses diff\u00e9rents r\u00f4les mais la po\u00e9sie est un don, une passion dimensionnelle et le pouvoir des mots est colossal.<br \/>\nLa religion, quant elle est bien transmise est le foyer de toutes les vertus . Tout est reli\u00e9 \u00e0 la lecture , la transmission, l&#8217; \u00e9coute et la compr\u00e9hension des messages que l&#8217; on veut faire parvenir.<\/p>\n<p><a href=\"http:\/\/www.masharif.com\/fr\/wp-content\/uploads\/2019\/12\/78775219_450811268971122_5183520639981453312_n.jpg\"><img loading=\"lazy\" class=\"alignnone size-medium wp-image-10420\" src=\"http:\/\/www.masharif.com\/fr\/wp-content\/uploads\/2019\/12\/78775219_450811268971122_5183520639981453312_n-197x300.jpg\" alt=\"\" width=\"197\" height=\"300\" srcset=\"http:\/\/www.masharif.com\/fr\/wp-content\/uploads\/2019\/12\/78775219_450811268971122_5183520639981453312_n-197x300.jpg 197w, http:\/\/www.masharif.com\/fr\/wp-content\/uploads\/2019\/12\/78775219_450811268971122_5183520639981453312_n.jpg 226w\" sizes=\"(max-width: 197px) 100vw, 197px\" \/><\/a><\/p>\n<p><strong>Question2<\/strong>\u00a0: Vous \u00eates alg\u00e9rienne et\u00a0 professeur de langue anglaise mais vous \u00e9crivez vos po\u00e8mes en langue fran\u00e7aise .Pourquoi ce choix\u00a0?<\/p>\n<p><strong>Ouarda Baziz Cherifi<\/strong>\u00a0:Pour ce qui est de ma profession, en tant que professeur de lettres Anglaises, sachez que je m\u2019attache depuis mon jeune \u00e2ge \u00e0 tout ceux et celles qui me fascinent. J\u2019ai \u00e9t\u00e9 subjugu\u00e9e par cette langue d\u00e9s ma premi\u00e8re rencontre avec mon professeur d\u2019anglais. Je l\u2019adorais. Je d\u00e9vorais ses cours et j\u2019imitais son accent, sa voix, ses intonations et voil\u00e0.<br \/>\nSinon, dans ma vie, j\u2019ai baign\u00e9 d&#8217;abord dans ma tendre langue maternelle &#8211; le Kabyle- que j&#8217;entendais \u00e0 partir du ventre de ma m\u00e8re.<br \/>\nLa langue arabe m\u2019a \u00e9t\u00e9 offerte \u00e0 l\u2019\u00e9cole et je l\u2019ai aussi adopt\u00e9e et beaucoup parl\u00e9e, ayant habit\u00e9 longtemps dans l&#8217;Alg\u00e9rois, sans oublier la langue fran\u00e7aise qui est la langue de ma passion: l&#8217; \u00e9criture.<br \/>\nPour r\u00e9sumer, L\u2019anglais m\u2019a fait vivre, le Kabyle m\u2019a allait\u00e9e, l&#8217;arabe m\u2019a prise dans ses bras et le Fran\u00e7ais m\u2019a lib\u00e9r\u00e9e.<br \/>\n<a href=\"http:\/\/www.masharif.com\/fr\/wp-content\/uploads\/2019\/12\/78172060_611634916275307_1068064426990501888_n.jpg\"><img loading=\"lazy\" class=\"alignnone size-medium wp-image-10419\" src=\"http:\/\/www.masharif.com\/fr\/wp-content\/uploads\/2019\/12\/78172060_611634916275307_1068064426990501888_n-271x300.jpg\" alt=\"\" width=\"271\" height=\"300\" srcset=\"http:\/\/www.masharif.com\/fr\/wp-content\/uploads\/2019\/12\/78172060_611634916275307_1068064426990501888_n-271x300.jpg 271w, http:\/\/www.masharif.com\/fr\/wp-content\/uploads\/2019\/12\/78172060_611634916275307_1068064426990501888_n.jpg 320w\" sizes=\"(max-width: 271px) 100vw, 271px\" \/><\/a><\/p>\n<p><strong>Question3<\/strong>\u00a0: Dans vos po\u00e8mes vous privil\u00e9giez les id\u00e9es par rapport aux images et surtout les images surprenantes qui cr\u00e9ent l\u2019effet po\u00e9tique.Est-ce un choix ou une tendance spontan\u00e9e\u00a0?<\/p>\n<p><strong>Ouarda Baziz Cherifi<\/strong>\u00a0:Pour mes po\u00e8mes, vous pensez que je privil\u00e9gie les id\u00e9es par rapport aux images.<br \/>\n\u00c0 vrai dire, il m\u2019arrive de trouver une inspiration juste en regardant une image ou une autre mais je pr\u00e9f\u00e8re parler \u00e0 mes mots. Les mots expriment mes id\u00e9es, mes pens\u00e9es et r\u00e9ussissent \u00e0 me d\u00e9busquer. Bien s\u00fbr qu\u2019il m\u2019arrive d&#8217;accompagner mes textes par ma photo par exemple pour dire que c\u2019est un texte que j\u2019ai pens\u00e9 et qui est n\u00e9 pour panser mon \u00e9tat d\u2019\u00e2me.<br \/>\nEn g\u00e9n\u00e9ral, mes textes sont nus, \u00e0 l&#8217;\u00e9tat pur et je laisse mon lectorat les habiller \u00e0 sa fa\u00e7on .<br \/>\nL\u2019illustration est dans sa fa\u00e7on de saisir mes mots. Je n\u2019impose pas d&#8217; image et je n&#8217;impose pas de style.<\/p>\n<p><a href=\"http:\/\/www.masharif.com\/fr\/wp-content\/uploads\/2019\/12\/79728128_448978079148749_2914543954999377920_n.jpg\"><img loading=\"lazy\" class=\"alignnone size-medium wp-image-10424\" src=\"http:\/\/www.masharif.com\/fr\/wp-content\/uploads\/2019\/12\/79728128_448978079148749_2914543954999377920_n-177x300.jpg\" alt=\"\" width=\"177\" height=\"300\" srcset=\"http:\/\/www.masharif.com\/fr\/wp-content\/uploads\/2019\/12\/79728128_448978079148749_2914543954999377920_n-177x300.jpg 177w, http:\/\/www.masharif.com\/fr\/wp-content\/uploads\/2019\/12\/79728128_448978079148749_2914543954999377920_n.jpg 194w\" sizes=\"(max-width: 177px) 100vw, 177px\" \/><\/a><br \/>\n<strong>Question<\/strong> 4\u00a0:Vous avez choisi de publier vos recueils en France.Est-ce pour vous faire conna\u00eetre \u00e0 l\u2019ext\u00e9rieur ou bien parce que la situation du livre litt\u00e9raire en Alg\u00e9rie n\u2019est pas satisfaisante\u00a0?\u00a0 .<\/p>\n<p><strong>Ouarda Baziz Cherifi<\/strong>\u00a0:Pour ce qui est de la publication de mes ouvrages , je veux apporter une pr\u00e9cision\u00a0:<\/p>\n<p>Mes trois premiers ouvrages( un livre de nouvelles en 2012 et deux recueils de po\u00e9sie libre en 2015) ont \u00e9t\u00e9 \u00e9dit\u00e9s par les \u00a0\u00a0\u00e9ditions Edilivre car \u00e0 l&#8217; \u00e9poque je venais d&#8217; int\u00e9grer le Regroupement francophone des po\u00e8tes engag\u00e9s pour la libert\u00e9 et la paix et la plupart de mes amis de plume<br \/>\ns&#8217;\u00e9taient faits publier par cette m\u00eame maison d\u2019 \u00e9dition Fran\u00e7aise gratuitement.<br \/>\nUne sorte d\u2019essai qui m\u2019a donn\u00e9e envie<br \/>\nd\u2019\u00e9crire , car appuy\u00e9e par le soutien de mes amis- et j&#8217; ai publi\u00e9 dans mon pays, en 2017, un roman intitul\u00e9&#8221; Principes et amertumes &#8220;, en 2018&#8243;Les survivants de l\u2019oubli &#8220;, en 2019&#8221; Aux rimes de mon c\u0153ur &#8220;( po\u00e9sie) et r\u00e9cemment &#8221; Mots et maux &#8220;, pour participer \u00e0 la journ\u00e9e du Manuscrit \u00e0 Paris.<\/p>\n<p><a href=\"http:\/\/www.masharif.com\/fr\/wp-content\/uploads\/2019\/12\/image_27569_1_20304_1_8520-1.jpg\"><img loading=\"lazy\" class=\"alignnone size-medium wp-image-10429\" src=\"http:\/\/www.masharif.com\/fr\/wp-content\/uploads\/2019\/12\/image_27569_1_20304_1_8520-1-197x300.jpg\" alt=\"\" width=\"197\" height=\"300\" srcset=\"http:\/\/www.masharif.com\/fr\/wp-content\/uploads\/2019\/12\/image_27569_1_20304_1_8520-1-197x300.jpg 197w, http:\/\/www.masharif.com\/fr\/wp-content\/uploads\/2019\/12\/image_27569_1_20304_1_8520-1.jpg 200w\" sizes=\"(max-width: 197px) 100vw, 197px\" \/><\/a><\/p>\n<p><strong>Question5\u00a0:<\/strong> On voit \u00e0 travers vos \u00e9crits que vous \u00eates une musulmane profond\u00e9ment croyante mais vous vous \u00eates d\u00e9clar\u00e9e contre l\u2019arabisation en Alg\u00e9rie alors que le fondement de l\u2019Islam est le Coran qui est en langue arabe .N\u2019y a-t-il\u00a0 pas l\u00e0 une contradiction\u00a0?<\/p>\n<p><strong>Ouarda Baziz Cherifi<\/strong>\u00a0:Je suis pratiquante et je pratique la religion de l&#8217;amour, celle de la tol\u00e9rance et de la diversit\u00e9.<br \/>\nJ\u2019accepte l\u2019autre et nos convictions religieuses doivent \u00eatre personnelles.<br \/>\nPour l&#8217;arabisation de l&#8217;Alg\u00e9rie, je ne pourrais<br \/>\nl\u2019admettre car il y a une diversit\u00e9 de langues et l&#8217;Alg\u00e9rie appartient \u00e0 tout son peuple.<br \/>\nJe ne me souviens pas avoir parl\u00e9 de la langue du Coran mais il est clair que les musulmans ne sont pas issus uniquement de l&#8217; Arabie .<\/p>\n<p><a href=\"http:\/\/www.masharif.com\/fr\/wp-content\/uploads\/2019\/12\/79081126_2729511333774733_5772945991586021376_n.jpg\"><img loading=\"lazy\" class=\"alignnone size-medium wp-image-10423\" src=\"http:\/\/www.masharif.com\/fr\/wp-content\/uploads\/2019\/12\/79081126_2729511333774733_5772945991586021376_n-180x300.jpg\" alt=\"\" width=\"180\" height=\"300\" srcset=\"http:\/\/www.masharif.com\/fr\/wp-content\/uploads\/2019\/12\/79081126_2729511333774733_5772945991586021376_n-180x300.jpg 180w, http:\/\/www.masharif.com\/fr\/wp-content\/uploads\/2019\/12\/79081126_2729511333774733_5772945991586021376_n.jpg 203w\" sizes=\"(max-width: 180px) 100vw, 180px\" \/><\/a><br \/>\n<strong>Question 6\u00a0:<\/strong> Vous vous attachez \u00e0 votre identit\u00e9 amazigh et c\u2019est votre plein droit. Mais ne pensez-vous pas que l\u2019appartenance tribale constitue l\u2019une des causes des guerres civiles qui ont ravag\u00e9 plusieurs pays arabes\u00a0?Et ne vaut-il pas mieux appartenir \u00e0 la patrie qui est la m\u00e8re de tout le peuple\u00a0?<\/p>\n<p><strong>Ouarda Baziz Cherifi<\/strong>\u00a0:Je m\u2019attache \u00e0 mon identit\u00e9 et je n\u2019exclus pas mon alg\u00e9rianit\u00e9.<br \/>\nJe suis kabyle et alg\u00e9rienne . J\u2019ai ainsi v\u00e9cu. Et, ainsi je mourrai. Mon identit\u00e9 et mon pays sont mes vrais nom et pr\u00e9nom. Ils vont ensemble.<\/p>\n<p><a href=\"http:\/\/www.masharif.com\/fr\/wp-content\/uploads\/2019\/12\/79219774_989101678134220_5503338035284017152_n.jpg\"><img loading=\"lazy\" class=\"alignnone size-medium wp-image-10422\" src=\"http:\/\/www.masharif.com\/fr\/wp-content\/uploads\/2019\/12\/79219774_989101678134220_5503338035284017152_n-188x300.jpg\" alt=\"\" width=\"188\" height=\"300\" srcset=\"http:\/\/www.masharif.com\/fr\/wp-content\/uploads\/2019\/12\/79219774_989101678134220_5503338035284017152_n-188x300.jpg 188w, http:\/\/www.masharif.com\/fr\/wp-content\/uploads\/2019\/12\/79219774_989101678134220_5503338035284017152_n.jpg 540w\" sizes=\"(max-width: 188px) 100vw, 188px\" \/><\/a><\/p>\n<p><strong>Question<\/strong> 7\u00a0: Puisque vous n\u2019\u00eates pas pour l\u2019arabisation , pouvons-dire que vous \u00eates contre l\u2019id\u00e9e du Grand Maghreb qui unirait\u00a0\u00a0 toute l\u2019Afrique du\u00a0 nord et cela ne pourrait se r\u00e9aliser qu\u2019avec la langue arabe\u00a0?<\/p>\n<p><strong>Ouarda Baziz Cherifi<\/strong>\u00a0:Non, je ne suis pas contre l\u2019arabisation mais contre la marginalisation d\u2019une langue existante depuis des milliers d\u2019ann\u00e9es.<br \/>\nJe suis pour l\u2019officialisation et la reconnaissance de toutes les langues, car il n y a pas de langue sans peuple.<br \/>\nVous savez, je suis po\u00e9tesse et romanci\u00e8re et je voudrais \u00eatre apolitique. Je laisse les historiens \u00e9valuer et explorer ce domaine.<br \/>\nJe veux juste que l\u2019on reconnaisse ma po\u00e9sie et mon identit\u00e9.<br \/>\nJe suis po\u00e9tesse dans la francophonie et je suis membre de L&#8217; UGM( L&#8217;union du Grand Maghreb).<br \/>\nL&#8217;Alg\u00e9rie est une grande nation avec un grand peuple et a une vaste histoire aussi spacieuse que sa superficie. Berb\u00e8re, Maghr\u00e9bine, Africaine et musulmane entre autres.<\/p>\n<p><a href=\"http:\/\/www.masharif.com\/fr\/wp-content\/uploads\/2019\/12\/71225652_2864057110315251_3154378540875513856_n.jpg\"><img loading=\"lazy\" class=\"alignnone size-medium wp-image-10421\" src=\"http:\/\/www.masharif.com\/fr\/wp-content\/uploads\/2019\/12\/71225652_2864057110315251_3154378540875513856_n-300x267.jpg\" alt=\"\" width=\"300\" height=\"267\" srcset=\"http:\/\/www.masharif.com\/fr\/wp-content\/uploads\/2019\/12\/71225652_2864057110315251_3154378540875513856_n-300x267.jpg 300w, http:\/\/www.masharif.com\/fr\/wp-content\/uploads\/2019\/12\/71225652_2864057110315251_3154378540875513856_n.jpg 714w\" sizes=\"(max-width: 300px) 100vw, 300px\" \/><\/a><br \/>\n<strong>Question 8\u00a0:<\/strong> Les peuples arabes dont le peuple alg\u00e9rien sont-ils selon vous assez m\u00fbrs pour la d\u00e9mocratie\u00a0?<\/p>\n<p><strong>Ouarda Baziz Cherifi<\/strong>\u00a0:Pour la question sur la d\u00e9mocratie, je pense que lorsqu&#8217;un peuple se rebelle, c&#8217;est qu\u2019il est conscient et assoiff\u00e9 de quelque chose de nouveau. La d\u00e9mocratie bien s\u00fbr a ses droits et ses obligations.<\/p>\n<p><a href=\"http:\/\/www.masharif.com\/fr\/wp-content\/uploads\/2019\/12\/78679786_578128156351582_2678232195788701696_n.jpg\"><img loading=\"lazy\" class=\"alignnone size-medium wp-image-10425\" src=\"http:\/\/www.masharif.com\/fr\/wp-content\/uploads\/2019\/12\/78679786_578128156351582_2678232195788701696_n-169x300.jpg\" alt=\"\" width=\"169\" height=\"300\" srcset=\"http:\/\/www.masharif.com\/fr\/wp-content\/uploads\/2019\/12\/78679786_578128156351582_2678232195788701696_n-169x300.jpg 169w, http:\/\/www.masharif.com\/fr\/wp-content\/uploads\/2019\/12\/78679786_578128156351582_2678232195788701696_n.jpg 540w\" sizes=\"(max-width: 169px) 100vw, 169px\" \/><\/a><\/p>\n<p><strong>Question 9\u00a0:<\/strong> Quels sont les avantages et les inconv\u00e9nients facebook que vous constatez en tant que po\u00e8te dans le r\u00e9seau de facebook ?<\/p>\n<p><strong>Ouarda Baziz Cherifi<\/strong>\u00a0:Je suis active sur Facebook mais je ne vis pas sur Facebook.<br \/>\nIl m\u2019a offert une longue liste d\u2019amis virtuels dont beaucoup sont devenus de vrais amis.<br \/>\nJe ne suis pas une po\u00e9tesse et une autrice uniquement sur ma page mais je le suis concr\u00e8tement \u00e0 travers mes publications officielles.<\/p>\n<p><a href=\"http:\/\/www.masharif.com\/fr\/wp-content\/uploads\/2019\/12\/53752191_2221454417897713_5731210046319099904_n.jpg\"><img loading=\"lazy\" class=\"alignnone size-medium wp-image-10416\" src=\"http:\/\/www.masharif.com\/fr\/wp-content\/uploads\/2019\/12\/53752191_2221454417897713_5731210046319099904_n-225x300.jpg\" alt=\"\" width=\"225\" height=\"300\" srcset=\"http:\/\/www.masharif.com\/fr\/wp-content\/uploads\/2019\/12\/53752191_2221454417897713_5731210046319099904_n-225x300.jpg 225w, http:\/\/www.masharif.com\/fr\/wp-content\/uploads\/2019\/12\/53752191_2221454417897713_5731210046319099904_n.jpg 720w\" sizes=\"(max-width: 225px) 100vw, 225px\" \/><\/a><br \/>\n<strong>Question 10\u00a0:<\/strong> Quels sont vos projets proches et lointains ?<\/p>\n<p><strong>Ouarda Baziz Cherifi<\/strong>\u00a0:Pour mes futurs projets, je signe bient\u00f4t mon dernier Roman &#8220;Quand pleure le jasmin &#8221; . Je suis finaliste au grand prix LS Senghor qui aura lieu \u00e0 Milan, le 14 D\u00e9cembre.<br \/>\nJe participerai inchallah \u00e0 des festivit\u00e9s litt\u00e9raires en Alg\u00e9rie et partout o\u00f9 on me sollicitera.<br \/>\nJe vais prendre une petite pause car je suis sur un projet d&#8217;\u00e9criture d&#8217;un nouveau Roman.<\/p>\n<p>Laissez- moi vous remercier pour le magnifique travail que vous faites et qui offre une chance aux petits auteurs, telle que moi, de survivre \u00e0 l\u2019oubli voire d\u2019exister.<\/p>\n","protected":false},"excerpt":{"rendered":"<p>&nbsp; Qui est Ouarda Baziz Cherifi\u00a0? Ouarda Baziz Cherifi est n\u00e9e en Alg\u00e9rie. Elle est professeur de lettres anglaises. Cela ne l\u2019emp\u00eache pas de pr\u00e9f\u00e9rer \u00e9crire en fran\u00e7ais, pas plus que les contraintes familiales ne l\u2019ont d\u00e9courag\u00e9e dans son exp\u00e9rience po\u00e9tique. L\u2019\u00e9criture fut, en effet et comme souvent, son premier moyen d\u2019introspection, avant de devenir &#8230;<\/p>\n","protected":false},"author":2,"featured_media":10426,"comment_status":"open","ping_status":"open","sticky":false,"template":"","format":"standard","meta":[],"categories":[10],"tags":[],"yoast_head":"<!-- This site is optimized with the Yoast SEO plugin v19.3 - https:\/\/yoast.com\/wordpress\/plugins\/seo\/ -->\n<title>Les entretiens de \u00ab Culminances \u00bb (2\u00e8me s\u00e9rie) :1 \u2013Avec la po\u00e9tesse alg\u00e9rienne Ouarda Baziz Cherifi - Culminances<\/title>\n<meta name=\"robots\" content=\"index, follow, max-snippet:-1, max-image-preview:large, max-video-preview:-1\" \/>\n<link rel=\"canonical\" href=\"https:\/\/www.masharif.com\/fr\/2019\/12\/06\/entretiens-de-culminances-2eme-serie-1-poetesse-algerienne-ouarda-baziz-cherifi\/\" \/>\n<meta property=\"og:locale\" content=\"fr_FR\" \/>\n<meta property=\"og:type\" content=\"article\" \/>\n<meta property=\"og:title\" content=\"Les entretiens de \u00ab Culminances \u00bb (2\u00e8me s\u00e9rie) :1 \u2013Avec la po\u00e9tesse alg\u00e9rienne Ouarda Baziz Cherifi - Culminances\" \/>\n<meta property=\"og:description\" content=\"&nbsp; Qui est Ouarda Baziz Cherifi\u00a0? Ouarda Baziz Cherifi est n\u00e9e en Alg\u00e9rie. Elle est professeur de lettres anglaises. Cela ne l\u2019emp\u00eache pas de pr\u00e9f\u00e9rer \u00e9crire en fran\u00e7ais, pas plus que les contraintes familiales ne l\u2019ont d\u00e9courag\u00e9e dans son exp\u00e9rience po\u00e9tique. L\u2019\u00e9criture fut, en effet et comme souvent, son premier moyen d\u2019introspection, avant de devenir ...\" \/>\n<meta property=\"og:url\" content=\"https:\/\/www.masharif.com\/fr\/2019\/12\/06\/entretiens-de-culminances-2eme-serie-1-poetesse-algerienne-ouarda-baziz-cherifi\/\" \/>\n<meta property=\"og:site_name\" content=\"Culminances\" \/>\n<meta property=\"article:published_time\" content=\"2019-12-06T06:03:05+00:00\" \/>\n<meta property=\"article:modified_time\" content=\"2019-12-06T09:30:11+00:00\" \/>\n<meta property=\"og:image\" content=\"https:\/\/www.masharif.com\/fr\/wp-content\/uploads\/2019\/12\/53865625_2221454167897738_3486281961264119808_n-1.jpg\" \/>\n\t<meta property=\"og:image:width\" content=\"277\" \/>\n\t<meta property=\"og:image:height\" content=\"369\" \/>\n\t<meta property=\"og:image:type\" content=\"image\/jpeg\" \/>\n<meta name=\"author\" content=\"Mohamed Salah Ben Amor\" \/>\n<meta name=\"twitter:card\" content=\"summary\" \/>\n<meta name=\"twitter:label1\" content=\"\u00c9crit par\" \/>\n\t<meta name=\"twitter:data1\" content=\"Mohamed Salah Ben Amor\" \/>\n\t<meta name=\"twitter:label2\" content=\"Dur\u00e9e de lecture estim\u00e9e\" \/>\n\t<meta name=\"twitter:data2\" content=\"8 minutes\" \/>\n<script type=\"application\/ld+json\" class=\"yoast-schema-graph\">{\"@context\":\"https:\/\/schema.org\",\"@graph\":[{\"@type\":\"WebSite\",\"@id\":\"https:\/\/www.masharif.com\/fr\/#website\",\"url\":\"https:\/\/www.masharif.com\/fr\/\",\"name\":\"Culminances\",\"description\":\"\",\"potentialAction\":[{\"@type\":\"SearchAction\",\"target\":{\"@type\":\"EntryPoint\",\"urlTemplate\":\"https:\/\/www.masharif.com\/fr\/?s={search_term_string}\"},\"query-input\":\"required name=search_term_string\"}],\"inLanguage\":\"fr-FR\"},{\"@type\":\"ImageObject\",\"inLanguage\":\"fr-FR\",\"@id\":\"https:\/\/www.masharif.com\/fr\/2019\/12\/06\/entretiens-de-culminances-2eme-serie-1-poetesse-algerienne-ouarda-baziz-cherifi\/#primaryimage\",\"url\":\"http:\/\/www.masharif.com\/fr\/wp-content\/uploads\/2019\/12\/53865625_2221454167897738_3486281961264119808_n-1.jpg\",\"contentUrl\":\"http:\/\/www.masharif.com\/fr\/wp-content\/uploads\/2019\/12\/53865625_2221454167897738_3486281961264119808_n-1.jpg\",\"width\":277,\"height\":369},{\"@type\":\"WebPage\",\"@id\":\"https:\/\/www.masharif.com\/fr\/2019\/12\/06\/entretiens-de-culminances-2eme-serie-1-poetesse-algerienne-ouarda-baziz-cherifi\/\",\"url\":\"https:\/\/www.masharif.com\/fr\/2019\/12\/06\/entretiens-de-culminances-2eme-serie-1-poetesse-algerienne-ouarda-baziz-cherifi\/\",\"name\":\"Les entretiens de \u00ab Culminances \u00bb (2\u00e8me s\u00e9rie) :1 \u2013Avec la po\u00e9tesse alg\u00e9rienne Ouarda Baziz Cherifi - Culminances\",\"isPartOf\":{\"@id\":\"https:\/\/www.masharif.com\/fr\/#website\"},\"primaryImageOfPage\":{\"@id\":\"https:\/\/www.masharif.com\/fr\/2019\/12\/06\/entretiens-de-culminances-2eme-serie-1-poetesse-algerienne-ouarda-baziz-cherifi\/#primaryimage\"},\"datePublished\":\"2019-12-06T06:03:05+00:00\",\"dateModified\":\"2019-12-06T09:30:11+00:00\",\"author\":{\"@id\":\"https:\/\/www.masharif.com\/fr\/#\/schema\/person\/839a7026efe9fa825134097c1041e4a0\"},\"breadcrumb\":{\"@id\":\"https:\/\/www.masharif.com\/fr\/2019\/12\/06\/entretiens-de-culminances-2eme-serie-1-poetesse-algerienne-ouarda-baziz-cherifi\/#breadcrumb\"},\"inLanguage\":\"fr-FR\",\"potentialAction\":[{\"@type\":\"ReadAction\",\"target\":[\"https:\/\/www.masharif.com\/fr\/2019\/12\/06\/entretiens-de-culminances-2eme-serie-1-poetesse-algerienne-ouarda-baziz-cherifi\/\"]}]},{\"@type\":\"BreadcrumbList\",\"@id\":\"https:\/\/www.masharif.com\/fr\/2019\/12\/06\/entretiens-de-culminances-2eme-serie-1-poetesse-algerienne-ouarda-baziz-cherifi\/#breadcrumb\",\"itemListElement\":[{\"@type\":\"ListItem\",\"position\":1,\"name\":\"Home\",\"item\":\"https:\/\/www.masharif.com\/fr\/\"},{\"@type\":\"ListItem\",\"position\":2,\"name\":\"Les entretiens de \u00ab Culminances \u00bb (2\u00e8me s\u00e9rie) :1 \u2013Avec la po\u00e9tesse alg\u00e9rienne Ouarda Baziz Cherifi\"}]},{\"@type\":\"Person\",\"@id\":\"https:\/\/www.masharif.com\/fr\/#\/schema\/person\/839a7026efe9fa825134097c1041e4a0\",\"name\":\"Mohamed Salah Ben Amor\",\"image\":{\"@type\":\"ImageObject\",\"inLanguage\":\"fr-FR\",\"@id\":\"https:\/\/www.masharif.com\/fr\/#\/schema\/person\/image\/\",\"url\":\"http:\/\/0.gravatar.com\/avatar\/f64806401ad5ed604ffec2272b19ef46?s=96&d=identicon&r=g\",\"contentUrl\":\"http:\/\/0.gravatar.com\/avatar\/f64806401ad5ed604ffec2272b19ef46?s=96&d=identicon&r=g\",\"caption\":\"Mohamed Salah Ben Amor\"},\"sameAs\":[\"http:\/\/ben-amor.info\"],\"url\":\"http:\/\/www.masharif.com\/fr\/author\/msba\/\"}]}<\/script>\n<!-- \/ Yoast SEO plugin. -->","yoast_head_json":{"title":"Les entretiens de \u00ab Culminances \u00bb (2\u00e8me s\u00e9rie) :1 \u2013Avec la po\u00e9tesse alg\u00e9rienne Ouarda Baziz Cherifi - Culminances","robots":{"index":"index","follow":"follow","max-snippet":"max-snippet:-1","max-image-preview":"max-image-preview:large","max-video-preview":"max-video-preview:-1"},"canonical":"https:\/\/www.masharif.com\/fr\/2019\/12\/06\/entretiens-de-culminances-2eme-serie-1-poetesse-algerienne-ouarda-baziz-cherifi\/","og_locale":"fr_FR","og_type":"article","og_title":"Les entretiens de \u00ab Culminances \u00bb (2\u00e8me s\u00e9rie) :1 \u2013Avec la po\u00e9tesse alg\u00e9rienne Ouarda Baziz Cherifi - Culminances","og_description":"&nbsp; Qui est Ouarda Baziz Cherifi\u00a0? Ouarda Baziz Cherifi est n\u00e9e en Alg\u00e9rie. Elle est professeur de lettres anglaises. Cela ne l\u2019emp\u00eache pas de pr\u00e9f\u00e9rer \u00e9crire en fran\u00e7ais, pas plus que les contraintes familiales ne l\u2019ont d\u00e9courag\u00e9e dans son exp\u00e9rience po\u00e9tique. L\u2019\u00e9criture fut, en effet et comme souvent, son premier moyen d\u2019introspection, avant de devenir ...","og_url":"https:\/\/www.masharif.com\/fr\/2019\/12\/06\/entretiens-de-culminances-2eme-serie-1-poetesse-algerienne-ouarda-baziz-cherifi\/","og_site_name":"Culminances","article_published_time":"2019-12-06T06:03:05+00:00","article_modified_time":"2019-12-06T09:30:11+00:00","og_image":[{"width":277,"height":369,"url":"https:\/\/www.masharif.com\/fr\/wp-content\/uploads\/2019\/12\/53865625_2221454167897738_3486281961264119808_n-1.jpg","type":"image\/jpeg"}],"author":"Mohamed Salah Ben Amor","twitter_card":"summary","twitter_misc":{"\u00c9crit par":"Mohamed Salah Ben Amor","Dur\u00e9e de lecture estim\u00e9e":"8 minutes"},"schema":{"@context":"https:\/\/schema.org","@graph":[{"@type":"WebSite","@id":"https:\/\/www.masharif.com\/fr\/#website","url":"https:\/\/www.masharif.com\/fr\/","name":"Culminances","description":"","potentialAction":[{"@type":"SearchAction","target":{"@type":"EntryPoint","urlTemplate":"https:\/\/www.masharif.com\/fr\/?s={search_term_string}"},"query-input":"required name=search_term_string"}],"inLanguage":"fr-FR"},{"@type":"ImageObject","inLanguage":"fr-FR","@id":"https:\/\/www.masharif.com\/fr\/2019\/12\/06\/entretiens-de-culminances-2eme-serie-1-poetesse-algerienne-ouarda-baziz-cherifi\/#primaryimage","url":"http:\/\/www.masharif.com\/fr\/wp-content\/uploads\/2019\/12\/53865625_2221454167897738_3486281961264119808_n-1.jpg","contentUrl":"http:\/\/www.masharif.com\/fr\/wp-content\/uploads\/2019\/12\/53865625_2221454167897738_3486281961264119808_n-1.jpg","width":277,"height":369},{"@type":"WebPage","@id":"https:\/\/www.masharif.com\/fr\/2019\/12\/06\/entretiens-de-culminances-2eme-serie-1-poetesse-algerienne-ouarda-baziz-cherifi\/","url":"https:\/\/www.masharif.com\/fr\/2019\/12\/06\/entretiens-de-culminances-2eme-serie-1-poetesse-algerienne-ouarda-baziz-cherifi\/","name":"Les entretiens de \u00ab Culminances \u00bb (2\u00e8me s\u00e9rie) :1 \u2013Avec la po\u00e9tesse alg\u00e9rienne Ouarda Baziz Cherifi - Culminances","isPartOf":{"@id":"https:\/\/www.masharif.com\/fr\/#website"},"primaryImageOfPage":{"@id":"https:\/\/www.masharif.com\/fr\/2019\/12\/06\/entretiens-de-culminances-2eme-serie-1-poetesse-algerienne-ouarda-baziz-cherifi\/#primaryimage"},"datePublished":"2019-12-06T06:03:05+00:00","dateModified":"2019-12-06T09:30:11+00:00","author":{"@id":"https:\/\/www.masharif.com\/fr\/#\/schema\/person\/839a7026efe9fa825134097c1041e4a0"},"breadcrumb":{"@id":"https:\/\/www.masharif.com\/fr\/2019\/12\/06\/entretiens-de-culminances-2eme-serie-1-poetesse-algerienne-ouarda-baziz-cherifi\/#breadcrumb"},"inLanguage":"fr-FR","potentialAction":[{"@type":"ReadAction","target":["https:\/\/www.masharif.com\/fr\/2019\/12\/06\/entretiens-de-culminances-2eme-serie-1-poetesse-algerienne-ouarda-baziz-cherifi\/"]}]},{"@type":"BreadcrumbList","@id":"https:\/\/www.masharif.com\/fr\/2019\/12\/06\/entretiens-de-culminances-2eme-serie-1-poetesse-algerienne-ouarda-baziz-cherifi\/#breadcrumb","itemListElement":[{"@type":"ListItem","position":1,"name":"Home","item":"https:\/\/www.masharif.com\/fr\/"},{"@type":"ListItem","position":2,"name":"Les entretiens de \u00ab Culminances \u00bb (2\u00e8me s\u00e9rie) :1 \u2013Avec la po\u00e9tesse alg\u00e9rienne Ouarda Baziz Cherifi"}]},{"@type":"Person","@id":"https:\/\/www.masharif.com\/fr\/#\/schema\/person\/839a7026efe9fa825134097c1041e4a0","name":"Mohamed Salah Ben Amor","image":{"@type":"ImageObject","inLanguage":"fr-FR","@id":"https:\/\/www.masharif.com\/fr\/#\/schema\/person\/image\/","url":"http:\/\/0.gravatar.com\/avatar\/f64806401ad5ed604ffec2272b19ef46?s=96&d=identicon&r=g","contentUrl":"http:\/\/0.gravatar.com\/avatar\/f64806401ad5ed604ffec2272b19ef46?s=96&d=identicon&r=g","caption":"Mohamed Salah Ben Amor"},"sameAs":["http:\/\/ben-amor.info"],"url":"http:\/\/www.masharif.com\/fr\/author\/msba\/"}]}},"_links":{"self":[{"href":"http:\/\/www.masharif.com\/fr\/wp-json\/wp\/v2\/posts\/10415"}],"collection":[{"href":"http:\/\/www.masharif.com\/fr\/wp-json\/wp\/v2\/posts"}],"about":[{"href":"http:\/\/www.masharif.com\/fr\/wp-json\/wp\/v2\/types\/post"}],"author":[{"embeddable":true,"href":"http:\/\/www.masharif.com\/fr\/wp-json\/wp\/v2\/users\/2"}],"replies":[{"embeddable":true,"href":"http:\/\/www.masharif.com\/fr\/wp-json\/wp\/v2\/comments?post=10415"}],"version-history":[{"count":7,"href":"http:\/\/www.masharif.com\/fr\/wp-json\/wp\/v2\/posts\/10415\/revisions"}],"predecessor-version":[{"id":10434,"href":"http:\/\/www.masharif.com\/fr\/wp-json\/wp\/v2\/posts\/10415\/revisions\/10434"}],"wp:featuredmedia":[{"embeddable":true,"href":"http:\/\/www.masharif.com\/fr\/wp-json\/wp\/v2\/media\/10426"}],"wp:attachment":[{"href":"http:\/\/www.masharif.com\/fr\/wp-json\/wp\/v2\/media?parent=10415"}],"wp:term":[{"taxonomy":"category","embeddable":true,"href":"http:\/\/www.masharif.com\/fr\/wp-json\/wp\/v2\/categories?post=10415"},{"taxonomy":"post_tag","embeddable":true,"href":"http:\/\/www.masharif.com\/fr\/wp-json\/wp\/v2\/tags?post=10415"}],"curies":[{"name":"wp","href":"https:\/\/api.w.org\/{rel}","templated":true}]}}