{"id":10183,"date":"2019-07-04T17:13:57","date_gmt":"2019-07-04T16:13:57","guid":{"rendered":"http:\/\/www.masharif.com\/fr\/?p=10183"},"modified":"2019-07-04T17:16:19","modified_gmt":"2019-07-04T16:16:19","slug":"feu-mahmoud-khaled-directeur-de-ecole-primaire-mohamed-salah-ben-amor","status":"publish","type":"post","link":"http:\/\/www.masharif.com\/fr\/2019\/07\/04\/feu-mahmoud-khaled-directeur-de-ecole-primaire-mohamed-salah-ben-amor\/","title":{"rendered":"Feu Mahmoud Khaled, le directeur de mon \u00e9cole primaire par : Mohamed Salah Ben Amor"},"content":{"rendered":"<div id=\"attachment_10185\" style=\"width: 310px\" class=\"wp-caption alignnone\"><a href=\"http:\/\/www.masharif.com\/fr\/wp-content\/uploads\/2019\/07\/21740823_10210473981069049_1836579965165054329_o.jpg\"><img aria-describedby=\"caption-attachment-10185\" loading=\"lazy\" class=\"wp-image-10185 size-medium\" src=\"http:\/\/www.masharif.com\/fr\/wp-content\/uploads\/2019\/07\/21740823_10210473981069049_1836579965165054329_o-300x225.jpg\" alt=\"\" width=\"300\" height=\"225\" srcset=\"http:\/\/www.masharif.com\/fr\/wp-content\/uploads\/2019\/07\/21740823_10210473981069049_1836579965165054329_o-300x225.jpg 300w, http:\/\/www.masharif.com\/fr\/wp-content\/uploads\/2019\/07\/21740823_10210473981069049_1836579965165054329_o-768x576.jpg 768w, http:\/\/www.masharif.com\/fr\/wp-content\/uploads\/2019\/07\/21740823_10210473981069049_1836579965165054329_o-1024x768.jpg 1024w, http:\/\/www.masharif.com\/fr\/wp-content\/uploads\/2019\/07\/21740823_10210473981069049_1836579965165054329_o.jpg 2048w\" sizes=\"(max-width: 300px) 100vw, 300px\" \/><\/a><p id=\"caption-attachment-10185\" class=\"wp-caption-text\">Moi en visite \u00e0 mon \u00e9cole primaire en 2013<\/p><\/div>\n<p><a href=\"http:\/\/www.masharif.com\/fr\/wp-content\/uploads\/2019\/07\/33711464_10212289881305420_3963320156309946368_o.jpg\"><img loading=\"lazy\" class=\"alignnone size-medium wp-image-10184\" src=\"http:\/\/www.masharif.com\/fr\/wp-content\/uploads\/2019\/07\/33711464_10212289881305420_3963320156309946368_o-300x69.jpg\" alt=\"\" width=\"300\" height=\"69\" srcset=\"http:\/\/www.masharif.com\/fr\/wp-content\/uploads\/2019\/07\/33711464_10212289881305420_3963320156309946368_o-300x69.jpg 300w, http:\/\/www.masharif.com\/fr\/wp-content\/uploads\/2019\/07\/33711464_10212289881305420_3963320156309946368_o-768x177.jpg 768w, http:\/\/www.masharif.com\/fr\/wp-content\/uploads\/2019\/07\/33711464_10212289881305420_3963320156309946368_o.jpg 968w\" sizes=\"(max-width: 300px) 100vw, 300px\" \/><\/a><\/p>\n<p>&nbsp;<\/p>\n<p>A mon \u00e9cole primaire sise \u00e0 Carthage Dermech \u00e0 la fin des ann\u00e9es cinquante et au d\u00e9but des ann\u00e9es soixante, nous avions un directeur au nom de Mahmoud Khaled , petit de taille, un peu gros, et portant un tourbouch (chapeau) turc.Il \u00e9tait extr\u00eamement s\u00e9v\u00e8re au point nous ne l\u2019avions jamais vu sourire et tout \u00e9l\u00e8ve commettait une b\u00eatise dans la cour de l\u2019\u00e9cole ,il le faisait entrer dans son bureau et le corrigeait sans piti\u00e9 avec un b\u00e2ton ou sa ceinture.<\/p>\n<p>Pendant tout le mois de Ramadan ,il se faisait suivre par un ouvrier portant un grand r\u00e9cipient plein d\u2019eau et entrait dans les salles de classe l\u2019une apr\u00e8s l\u2019autre \u00e0 partir de la troisi\u00e8me ann\u00e9e et obligeait les \u00e9l\u00e8ves \u00e0 boire chacun un verre d\u2019eau, sauf si l\u2019\u00e9l\u00e8ve a atteint l\u2019\u00e2ge de dix-huit ans ou pr\u00e9sente quelques poils au visage,et ce , \u00a0conform\u00e9ment aux crit\u00e8res cit\u00e9s par\u00a0 le po\u00e8te faquih marocain Abdelwahed Ibn Achir \u00a0(990 \u2013 1040) dans son fameux vers\u00a0:<\/p>\n<p>Ou par la pr\u00e9sence du sperme ou de poils ou si l\u2019\u00e2ge atteint est dix-huit ans<\/p>\n<p>Mais bien que nous nous soumettions \u00e0 cet\u00a0\u00ab\u00a0iftar\u00a0\u00bb (rupture du je\u00fbne) forc\u00e9, nous nous sentions l\u00e9s\u00e9s et agress\u00e9s parce nous voulions de tout c\u0153ur entreprendre cette difficile exp\u00e9rience comme pour affirmer notre maturit\u00e9.<\/p>\n<p>Un jour, l\u2019un de nos camarades lui vint l\u2019id\u00e9e de garder l\u2019eau dans sa bouche au lieu de l\u2019avaler puis d\u00e8s qu\u2019il a rejoint sa place, il s\u2019est baiss\u00e9 sous la table et a crach\u00e9 la gorg\u00e9e qu\u2019il avait dans la bouche. Malheureusement, l\u2019eau s\u2019est vers\u00e9e sur les pieds de l\u2019\u00e9l\u00e8ve qui s\u2019asseyait devant lui et celui-ci s\u2019est plaint au directeur qui s\u2019est vite dirig\u00e9 vers l\u2019\u00e9l\u00e8ve fautif et l\u2019a ross\u00e9 de coups de b\u00e2ton.<\/p>\n<p>Agac\u00e9s par cette pratique quotidienne, nous nous \u00e9tions plaints au meddeb (enseignant du coran) de notre mosqu\u00e9e qui a r\u00e9cus\u00e9 la l\u00e9galit\u00e9 religieuse de ce que faisait notre directeur et nous a assur\u00e9 qu\u2019elle n\u2019a aucune incidence sur notre je\u00fbne parce \u00a0selon lui et d\u2019apr\u00e8s les r\u00e8gles islamiques\u00a0 le jeun ne se rompt que lorsque la rupture est pr\u00e9m\u00e9dit\u00e9e ou commise par m\u00e9garde, nous encourageant, de ce fait, \u00e0 continuer \u00e0 je\u00fbner le temps qui reste de la journ\u00e9e apr\u00e8s avoir bu le verre d\u2019eau\u00a0 que le directeur nous obligeait de boire.<\/p>\n<p>Ayant eu vent des dires du meddeb, notre directeur est all\u00e9 le trouver \u00e0 la mosqu\u00e9e et une dispute spectaculaire \u00e9clata entre eux\u00a0.Le directeur le mena\u00e7ait de porter plainte contre lui l\u2019accusant de soulever ses \u00e9l\u00e8ves contre lui et l\u2019autre lui r\u00e9pondait\u00a0:\u00a0\u00ab\u00a0 Je m\u2019en fous de tes menaces\u00a0! Tu es ignare en religion et tu ne m\u00e9rites pas le poste que tu occupes\u00a0\u00bb.<\/p>\n<p>C\u2019\u00e9tait la premi\u00e8re dispute \u00e0 laquelle j\u2019ai assist\u00e9\u00a0 entre un conservateur partisan de l\u2019enseignement traditionnel dans les kouttebs (\u00e9coles coraniques )puis \u00e0 la grande mosqu\u00e9e\u00a0 et un moderniste qui se faisait le d\u00e9fenseur de l\u2019enseignement moderne.<\/p>\n<p>Vingt ans plus tard en 1975 ,alors que je passais pr\u00e8s du premier minist\u00e8re \u00e0 la Kasba dans la vieille ville de Tunis\u00a0 &#8211; et j\u2019\u00e9tais \u00e0 cette \u00e9poque professeur au secondaire -, j\u2019ai rencontr\u00e9 mon ex-directeur Mahmoud Khaled\u00a0 apparemment affaibli par l\u2019\u00e2ge et portant comme toujours son tourbouch turc rouge ,qui marchait les bras tendus \u00e0 l\u2019horizontale comme s\u2019il avait \u00a0perdu subitement la vue, peut-\u00eatre \u00e0 cause d\u2019une baisse brusque de glyc\u00e9mie. Je l\u2019ai vite pris par la main apr\u00e8s m\u2019\u00eatre pr\u00e9sent\u00e9 \u00e0 lui, et l\u2019ai amen\u00e9 tout de suite au d\u00e9but de la rue Bab Bnat o\u00f9 je l\u2019ai fait monter dans un taxi et pri\u00e9 le chauffeur de le ramener chez lui .Il ne s\u2019est pas rappel\u00e9 de moi\u00a0 mais il \u00e9tait tr\u00e8s content que l\u2019un de ses anciens \u00e9l\u00e8ves lui vienne en aide et avant que le chauffeur ne d\u00e9marre je l\u2019ai entendu prier dieu de m\u2019ouvrir les voies de la r\u00e9ussite partout ou je me dirige\u00a0.<\/p>\n<p>Que Dieu le couvre mon directeur et mon meddeb de sa sainte mis\u00e9ricorde!<\/p>\n<p>&nbsp;<\/p>\n<p>&nbsp;<\/p>\n","protected":false},"excerpt":{"rendered":"<p>&nbsp; A mon \u00e9cole primaire sise \u00e0 Carthage Dermech \u00e0 la fin des ann\u00e9es cinquante et au d\u00e9but des ann\u00e9es soixante, nous avions un directeur au nom de Mahmoud Khaled , petit de taille, un peu gros, et portant un tourbouch (chapeau) turc.Il \u00e9tait extr\u00eamement s\u00e9v\u00e8re au point nous ne l\u2019avions jamais vu sourire et &#8230;<\/p>\n","protected":false},"author":2,"featured_media":10184,"comment_status":"open","ping_status":"open","sticky":false,"template":"","format":"standard","meta":[],"categories":[36],"tags":[],"yoast_head":"<!-- This site is optimized with the Yoast SEO plugin v19.3 - https:\/\/yoast.com\/wordpress\/plugins\/seo\/ -->\n<title>Feu Mahmoud Khaled, le directeur de mon \u00e9cole primaire par : Mohamed Salah Ben Amor - Culminances<\/title>\n<meta name=\"robots\" content=\"index, follow, max-snippet:-1, max-image-preview:large, max-video-preview:-1\" \/>\n<link rel=\"canonical\" href=\"http:\/\/www.masharif.com\/fr\/2019\/07\/04\/feu-mahmoud-khaled-directeur-de-ecole-primaire-mohamed-salah-ben-amor\/\" \/>\n<meta property=\"og:locale\" content=\"fr_FR\" \/>\n<meta property=\"og:type\" content=\"article\" \/>\n<meta property=\"og:title\" content=\"Feu Mahmoud Khaled, le directeur de mon \u00e9cole primaire par : Mohamed Salah Ben Amor - Culminances\" \/>\n<meta property=\"og:description\" content=\"&nbsp; A mon \u00e9cole primaire sise \u00e0 Carthage Dermech \u00e0 la fin des ann\u00e9es cinquante et au d\u00e9but des ann\u00e9es soixante, nous avions un directeur au nom de Mahmoud Khaled , petit de taille, un peu gros, et portant un tourbouch (chapeau) turc.Il \u00e9tait extr\u00eamement s\u00e9v\u00e8re au point nous ne l\u2019avions jamais vu sourire et ...\" \/>\n<meta property=\"og:url\" content=\"http:\/\/www.masharif.com\/fr\/2019\/07\/04\/feu-mahmoud-khaled-directeur-de-ecole-primaire-mohamed-salah-ben-amor\/\" \/>\n<meta property=\"og:site_name\" content=\"Culminances\" \/>\n<meta property=\"article:published_time\" content=\"2019-07-04T16:13:57+00:00\" \/>\n<meta property=\"article:modified_time\" content=\"2019-07-04T16:16:19+00:00\" \/>\n<meta property=\"og:image\" content=\"http:\/\/www.masharif.com\/fr\/wp-content\/uploads\/2019\/07\/33711464_10212289881305420_3963320156309946368_o.jpg\" \/>\n\t<meta property=\"og:image:width\" content=\"968\" \/>\n\t<meta property=\"og:image:height\" content=\"223\" \/>\n\t<meta property=\"og:image:type\" content=\"image\/jpeg\" \/>\n<meta name=\"author\" content=\"Mohamed Salah Ben Amor\" \/>\n<meta name=\"twitter:card\" content=\"summary\" \/>\n<meta name=\"twitter:label1\" content=\"\u00c9crit par\" \/>\n\t<meta name=\"twitter:data1\" content=\"Mohamed Salah Ben Amor\" \/>\n\t<meta name=\"twitter:label2\" content=\"Dur\u00e9e de lecture estim\u00e9e\" \/>\n\t<meta name=\"twitter:data2\" content=\"4 minutes\" \/>\n<script type=\"application\/ld+json\" class=\"yoast-schema-graph\">{\"@context\":\"https:\/\/schema.org\",\"@graph\":[{\"@type\":\"WebSite\",\"@id\":\"http:\/\/www.masharif.com\/fr\/#website\",\"url\":\"http:\/\/www.masharif.com\/fr\/\",\"name\":\"Culminances\",\"description\":\"\",\"potentialAction\":[{\"@type\":\"SearchAction\",\"target\":{\"@type\":\"EntryPoint\",\"urlTemplate\":\"http:\/\/www.masharif.com\/fr\/?s={search_term_string}\"},\"query-input\":\"required name=search_term_string\"}],\"inLanguage\":\"fr-FR\"},{\"@type\":\"ImageObject\",\"inLanguage\":\"fr-FR\",\"@id\":\"http:\/\/www.masharif.com\/fr\/2019\/07\/04\/feu-mahmoud-khaled-directeur-de-ecole-primaire-mohamed-salah-ben-amor\/#primaryimage\",\"url\":\"http:\/\/www.masharif.com\/fr\/wp-content\/uploads\/2019\/07\/33711464_10212289881305420_3963320156309946368_o.jpg\",\"contentUrl\":\"http:\/\/www.masharif.com\/fr\/wp-content\/uploads\/2019\/07\/33711464_10212289881305420_3963320156309946368_o.jpg\",\"width\":968,\"height\":223},{\"@type\":\"WebPage\",\"@id\":\"http:\/\/www.masharif.com\/fr\/2019\/07\/04\/feu-mahmoud-khaled-directeur-de-ecole-primaire-mohamed-salah-ben-amor\/\",\"url\":\"http:\/\/www.masharif.com\/fr\/2019\/07\/04\/feu-mahmoud-khaled-directeur-de-ecole-primaire-mohamed-salah-ben-amor\/\",\"name\":\"Feu Mahmoud Khaled, le directeur de mon \u00e9cole primaire par : Mohamed Salah Ben Amor - Culminances\",\"isPartOf\":{\"@id\":\"http:\/\/www.masharif.com\/fr\/#website\"},\"primaryImageOfPage\":{\"@id\":\"http:\/\/www.masharif.com\/fr\/2019\/07\/04\/feu-mahmoud-khaled-directeur-de-ecole-primaire-mohamed-salah-ben-amor\/#primaryimage\"},\"datePublished\":\"2019-07-04T16:13:57+00:00\",\"dateModified\":\"2019-07-04T16:16:19+00:00\",\"author\":{\"@id\":\"http:\/\/www.masharif.com\/fr\/#\/schema\/person\/839a7026efe9fa825134097c1041e4a0\"},\"breadcrumb\":{\"@id\":\"http:\/\/www.masharif.com\/fr\/2019\/07\/04\/feu-mahmoud-khaled-directeur-de-ecole-primaire-mohamed-salah-ben-amor\/#breadcrumb\"},\"inLanguage\":\"fr-FR\",\"potentialAction\":[{\"@type\":\"ReadAction\",\"target\":[\"http:\/\/www.masharif.com\/fr\/2019\/07\/04\/feu-mahmoud-khaled-directeur-de-ecole-primaire-mohamed-salah-ben-amor\/\"]}]},{\"@type\":\"BreadcrumbList\",\"@id\":\"http:\/\/www.masharif.com\/fr\/2019\/07\/04\/feu-mahmoud-khaled-directeur-de-ecole-primaire-mohamed-salah-ben-amor\/#breadcrumb\",\"itemListElement\":[{\"@type\":\"ListItem\",\"position\":1,\"name\":\"Home\",\"item\":\"http:\/\/www.masharif.com\/fr\/\"},{\"@type\":\"ListItem\",\"position\":2,\"name\":\"Feu Mahmoud Khaled, le directeur de mon \u00e9cole primaire par : Mohamed Salah Ben Amor\"}]},{\"@type\":\"Person\",\"@id\":\"http:\/\/www.masharif.com\/fr\/#\/schema\/person\/839a7026efe9fa825134097c1041e4a0\",\"name\":\"Mohamed Salah Ben Amor\",\"image\":{\"@type\":\"ImageObject\",\"inLanguage\":\"fr-FR\",\"@id\":\"http:\/\/www.masharif.com\/fr\/#\/schema\/person\/image\/\",\"url\":\"http:\/\/0.gravatar.com\/avatar\/f64806401ad5ed604ffec2272b19ef46?s=96&d=identicon&r=g\",\"contentUrl\":\"http:\/\/0.gravatar.com\/avatar\/f64806401ad5ed604ffec2272b19ef46?s=96&d=identicon&r=g\",\"caption\":\"Mohamed Salah Ben Amor\"},\"sameAs\":[\"http:\/\/ben-amor.info\"],\"url\":\"http:\/\/www.masharif.com\/fr\/author\/msba\/\"}]}<\/script>\n<!-- \/ Yoast SEO plugin. -->","yoast_head_json":{"title":"Feu Mahmoud Khaled, le directeur de mon \u00e9cole primaire par : Mohamed Salah Ben Amor - Culminances","robots":{"index":"index","follow":"follow","max-snippet":"max-snippet:-1","max-image-preview":"max-image-preview:large","max-video-preview":"max-video-preview:-1"},"canonical":"http:\/\/www.masharif.com\/fr\/2019\/07\/04\/feu-mahmoud-khaled-directeur-de-ecole-primaire-mohamed-salah-ben-amor\/","og_locale":"fr_FR","og_type":"article","og_title":"Feu Mahmoud Khaled, le directeur de mon \u00e9cole primaire par : Mohamed Salah Ben Amor - Culminances","og_description":"&nbsp; A mon \u00e9cole primaire sise \u00e0 Carthage Dermech \u00e0 la fin des ann\u00e9es cinquante et au d\u00e9but des ann\u00e9es soixante, nous avions un directeur au nom de Mahmoud Khaled , petit de taille, un peu gros, et portant un tourbouch (chapeau) turc.Il \u00e9tait extr\u00eamement s\u00e9v\u00e8re au point nous ne l\u2019avions jamais vu sourire et ...","og_url":"http:\/\/www.masharif.com\/fr\/2019\/07\/04\/feu-mahmoud-khaled-directeur-de-ecole-primaire-mohamed-salah-ben-amor\/","og_site_name":"Culminances","article_published_time":"2019-07-04T16:13:57+00:00","article_modified_time":"2019-07-04T16:16:19+00:00","og_image":[{"width":968,"height":223,"url":"http:\/\/www.masharif.com\/fr\/wp-content\/uploads\/2019\/07\/33711464_10212289881305420_3963320156309946368_o.jpg","type":"image\/jpeg"}],"author":"Mohamed Salah Ben Amor","twitter_card":"summary","twitter_misc":{"\u00c9crit par":"Mohamed Salah Ben Amor","Dur\u00e9e de lecture estim\u00e9e":"4 minutes"},"schema":{"@context":"https:\/\/schema.org","@graph":[{"@type":"WebSite","@id":"http:\/\/www.masharif.com\/fr\/#website","url":"http:\/\/www.masharif.com\/fr\/","name":"Culminances","description":"","potentialAction":[{"@type":"SearchAction","target":{"@type":"EntryPoint","urlTemplate":"http:\/\/www.masharif.com\/fr\/?s={search_term_string}"},"query-input":"required name=search_term_string"}],"inLanguage":"fr-FR"},{"@type":"ImageObject","inLanguage":"fr-FR","@id":"http:\/\/www.masharif.com\/fr\/2019\/07\/04\/feu-mahmoud-khaled-directeur-de-ecole-primaire-mohamed-salah-ben-amor\/#primaryimage","url":"http:\/\/www.masharif.com\/fr\/wp-content\/uploads\/2019\/07\/33711464_10212289881305420_3963320156309946368_o.jpg","contentUrl":"http:\/\/www.masharif.com\/fr\/wp-content\/uploads\/2019\/07\/33711464_10212289881305420_3963320156309946368_o.jpg","width":968,"height":223},{"@type":"WebPage","@id":"http:\/\/www.masharif.com\/fr\/2019\/07\/04\/feu-mahmoud-khaled-directeur-de-ecole-primaire-mohamed-salah-ben-amor\/","url":"http:\/\/www.masharif.com\/fr\/2019\/07\/04\/feu-mahmoud-khaled-directeur-de-ecole-primaire-mohamed-salah-ben-amor\/","name":"Feu Mahmoud Khaled, le directeur de mon \u00e9cole primaire par : Mohamed Salah Ben Amor - Culminances","isPartOf":{"@id":"http:\/\/www.masharif.com\/fr\/#website"},"primaryImageOfPage":{"@id":"http:\/\/www.masharif.com\/fr\/2019\/07\/04\/feu-mahmoud-khaled-directeur-de-ecole-primaire-mohamed-salah-ben-amor\/#primaryimage"},"datePublished":"2019-07-04T16:13:57+00:00","dateModified":"2019-07-04T16:16:19+00:00","author":{"@id":"http:\/\/www.masharif.com\/fr\/#\/schema\/person\/839a7026efe9fa825134097c1041e4a0"},"breadcrumb":{"@id":"http:\/\/www.masharif.com\/fr\/2019\/07\/04\/feu-mahmoud-khaled-directeur-de-ecole-primaire-mohamed-salah-ben-amor\/#breadcrumb"},"inLanguage":"fr-FR","potentialAction":[{"@type":"ReadAction","target":["http:\/\/www.masharif.com\/fr\/2019\/07\/04\/feu-mahmoud-khaled-directeur-de-ecole-primaire-mohamed-salah-ben-amor\/"]}]},{"@type":"BreadcrumbList","@id":"http:\/\/www.masharif.com\/fr\/2019\/07\/04\/feu-mahmoud-khaled-directeur-de-ecole-primaire-mohamed-salah-ben-amor\/#breadcrumb","itemListElement":[{"@type":"ListItem","position":1,"name":"Home","item":"http:\/\/www.masharif.com\/fr\/"},{"@type":"ListItem","position":2,"name":"Feu Mahmoud Khaled, le directeur de mon \u00e9cole primaire par : Mohamed Salah Ben Amor"}]},{"@type":"Person","@id":"http:\/\/www.masharif.com\/fr\/#\/schema\/person\/839a7026efe9fa825134097c1041e4a0","name":"Mohamed Salah Ben Amor","image":{"@type":"ImageObject","inLanguage":"fr-FR","@id":"http:\/\/www.masharif.com\/fr\/#\/schema\/person\/image\/","url":"http:\/\/0.gravatar.com\/avatar\/f64806401ad5ed604ffec2272b19ef46?s=96&d=identicon&r=g","contentUrl":"http:\/\/0.gravatar.com\/avatar\/f64806401ad5ed604ffec2272b19ef46?s=96&d=identicon&r=g","caption":"Mohamed Salah Ben Amor"},"sameAs":["http:\/\/ben-amor.info"],"url":"http:\/\/www.masharif.com\/fr\/author\/msba\/"}]}},"_links":{"self":[{"href":"http:\/\/www.masharif.com\/fr\/wp-json\/wp\/v2\/posts\/10183"}],"collection":[{"href":"http:\/\/www.masharif.com\/fr\/wp-json\/wp\/v2\/posts"}],"about":[{"href":"http:\/\/www.masharif.com\/fr\/wp-json\/wp\/v2\/types\/post"}],"author":[{"embeddable":true,"href":"http:\/\/www.masharif.com\/fr\/wp-json\/wp\/v2\/users\/2"}],"replies":[{"embeddable":true,"href":"http:\/\/www.masharif.com\/fr\/wp-json\/wp\/v2\/comments?post=10183"}],"version-history":[{"count":3,"href":"http:\/\/www.masharif.com\/fr\/wp-json\/wp\/v2\/posts\/10183\/revisions"}],"predecessor-version":[{"id":10188,"href":"http:\/\/www.masharif.com\/fr\/wp-json\/wp\/v2\/posts\/10183\/revisions\/10188"}],"wp:featuredmedia":[{"embeddable":true,"href":"http:\/\/www.masharif.com\/fr\/wp-json\/wp\/v2\/media\/10184"}],"wp:attachment":[{"href":"http:\/\/www.masharif.com\/fr\/wp-json\/wp\/v2\/media?parent=10183"}],"wp:term":[{"taxonomy":"category","embeddable":true,"href":"http:\/\/www.masharif.com\/fr\/wp-json\/wp\/v2\/categories?post=10183"},{"taxonomy":"post_tag","embeddable":true,"href":"http:\/\/www.masharif.com\/fr\/wp-json\/wp\/v2\/tags?post=10183"}],"curies":[{"name":"wp","href":"https:\/\/api.w.org\/{rel}","templated":true}]}}