{"id":10134,"date":"2019-06-29T10:33:26","date_gmt":"2019-06-29T09:33:26","guid":{"rendered":"http:\/\/www.masharif.com\/fr\/?p=10134"},"modified":"2019-06-29T10:33:26","modified_gmt":"2019-06-29T09:33:26","slug":"archives-commentaires-poetiques-de-mohamed-salah-ben-amor-39-poemes-darezki-hatem39-5-faubourg-de-vie","status":"publish","type":"post","link":"http:\/\/www.masharif.com\/fr\/2019\/06\/29\/archives-commentaires-poetiques-de-mohamed-salah-ben-amor-39-poemes-darezki-hatem39-5-faubourg-de-vie\/","title":{"rendered":"Les archives des commentaires po\u00e9tiques de Mohamed Salah Ben Amor :39\u2013 Les po\u00e8mes d\u2019Arezki Hatem:39 -5 :Dans le faubourg de ma vie"},"content":{"rendered":"<div id=\"attachment_10118\" style=\"width: 245px\" class=\"wp-caption alignnone\"><a href=\"http:\/\/www.masharif.com\/fr\/wp-content\/uploads\/2019\/06\/10440816_10204715506030772_3959138817718008327_n.jpg\"><img aria-describedby=\"caption-attachment-10118\" loading=\"lazy\" class=\"wp-image-10118 size-medium\" src=\"http:\/\/www.masharif.com\/fr\/wp-content\/uploads\/2019\/06\/10440816_10204715506030772_3959138817718008327_n-235x300.jpg\" alt=\"\" width=\"235\" height=\"300\" srcset=\"http:\/\/www.masharif.com\/fr\/wp-content\/uploads\/2019\/06\/10440816_10204715506030772_3959138817718008327_n-235x300.jpg 235w, http:\/\/www.masharif.com\/fr\/wp-content\/uploads\/2019\/06\/10440816_10204715506030772_3959138817718008327_n.jpg 267w\" sizes=\"(max-width: 235px) 100vw, 235px\" \/><\/a><p id=\"caption-attachment-10118\" class=\"wp-caption-text\">Arezki Hatem<\/p><\/div>\n<p><a href=\"http:\/\/www.masharif.com\/fr\/wp-content\/uploads\/2019\/06\/sunset-3156176_960_720.jpg\"><img loading=\"lazy\" class=\"alignnone size-medium wp-image-10135\" src=\"http:\/\/www.masharif.com\/fr\/wp-content\/uploads\/2019\/06\/sunset-3156176_960_720-300x198.jpg\" alt=\"\" width=\"300\" height=\"198\" srcset=\"http:\/\/www.masharif.com\/fr\/wp-content\/uploads\/2019\/06\/sunset-3156176_960_720-300x198.jpg 300w, http:\/\/www.masharif.com\/fr\/wp-content\/uploads\/2019\/06\/sunset-3156176_960_720-768x508.jpg 768w, http:\/\/www.masharif.com\/fr\/wp-content\/uploads\/2019\/06\/sunset-3156176_960_720.jpg 960w\" sizes=\"(max-width: 300px) 100vw, 300px\" \/><\/a><\/p>\n<p>&nbsp;<\/p>\n<p><strong>Dans le faubourg de ma vie<\/strong><\/p>\n<p><strong>Loin de la grande cit\u00e9<\/strong><\/p>\n<p><strong>Vit mon \u00e2me d\u00e9laiss\u00e9e.<\/strong><\/p>\n<p><strong>Dans le faubourg de ma vie,<\/strong><\/p>\n<p><strong>Mes voisins sont noctambules\u00a0<\/strong><\/p>\n<p><strong>Serinant la m\u00eame rengaine enray\u00e9e :<\/strong><\/p>\n<p><strong>On ne dort jamais car c\u2019est des t\u00e9tons de la nuit,\u00a0<\/strong><\/p>\n<p><strong>Que nous buvons le lait de la m\u00e9lancolie<\/strong><\/p>\n<p><strong>Dans le faubourg de ma vie,<\/strong><\/p>\n<p><strong>Les enfants vieillissent vite<\/strong><\/p>\n<p><strong>Les vieux ne meurent jamais<\/strong><\/p>\n<p><strong>Les femmes n\u2019allaitent gu\u00e8re<\/strong><\/p>\n<p><strong>Tout le monde se guerroie\u00a0<\/strong><\/p>\n<p><strong>Pour qu\u2019en fin on enterre les morts<\/strong><\/p>\n<p><strong>Dans un cimeti\u00e8re en commun<\/strong><\/p>\n<p><strong>Dans le faubourg de ma vie<\/strong><\/p>\n<p><strong>Le ciel est \u00e9ternellement plantureux<\/strong><\/p>\n<p><strong>Sans qu\u2019une goutte de pluie n\u2019ose s\u2019\u00e9chapper<\/strong><\/p>\n<p><strong>Dans le faubourg de ma vie, La nuit s\u2019\u00e9ternise<\/strong><\/p>\n<p><strong>Le jour s\u2019amenuise\u00a0 Le r\u00eave est cauchemar<\/strong><\/p>\n<p><strong>Dans le faubourg de ma vie,<\/strong><\/p>\n<p><strong>Je lutte main nu<\/strong><\/p>\n<p><strong>Contre un ennemi au mille facies\u00a0<\/strong><\/p>\n<p><strong>Dans le faubourg de ma vie,\u00a0<\/strong><\/p>\n<p><strong>La vie n\u2019est nullement vie,\u00a0<\/strong><\/p>\n<p><strong>Mais un semblant de vie<\/strong>\u00a0!<\/p>\n<p>&nbsp;<\/p>\n<p>&nbsp;<\/p>\n<p>Dans cet autoportrait psychologique marqu\u00e9 par une m\u00e9lancolie extr\u00eamement profonde et \u00e0 travers lequel se profile une vision cauchemardesque du Moi ( ma \/ mon\/je \u00a0: 9 fois ), de l\u2019Autre (<strong>mes voisins &#8211; les enfants \u00a0&#8211; les vieux &#8211; les femmes &#8211; tout le monde &#8211; un ennem<\/strong>i )\u00a0 et du monde (<strong>le ciel &#8211; la nuit &#8211; le jour &#8211; la grande cit\u00e9<\/strong> ) deux points attirent , tout particuli\u00e8rement , l\u2019attention\u00a0: l\u2019un sur le plan s\u00e9mantique,\u00a0 \u00e0 savoir une rupture totale avec l\u2019univers , laquelle est le signe r\u00e9v\u00e9lateur et s\u00fbr d\u2019une \u00e2me tragique selon le sens que donne le philosophe hongrois\u00a0 Georg Luk\u00e1cs (1885 \u20131971)au terme &#8220;trag\u00e9die&#8221; et l\u2019autre du point de vue technique\u00a0: la tendance tr\u00e8s prononc\u00e9e chez le po\u00e8te \u00e0 aller au fond des choses par l\u2019usage massif des deux proc\u00e9d\u00e9s contraires\u00a0mais\u00a0 compl\u00e9mentaires : l\u2019amplification \u00a0et l\u2019amenuisement, dans l\u2019assombrissement des horizons int\u00e9rieurs \u00a0(\u00a0 <strong>mon \u00e2me d\u00e9laiss\u00e9e\u00a0<\/strong> ) et ext\u00e9rieurs (\u00a0 <strong>le ciel est \u00e9ternellement plantureux \u2013 la nuit s\u2019\u00e9ternise &#8211; le jour s\u2019amenuise\u00a0&#8211; nous buvons le lait de la m\u00e9lancolie &#8211; on enterre les morts dans un cimeti\u00e8re en commun \u2026etc.<\/strong>) qui se rejoignent voire se confondent, en r\u00e9alit\u00e9, du fait que l\u2019ext\u00e9rieur que l\u2019auteur d\u00e9crit n\u2019est qu\u2019une projection de son \u00e9tat d\u2019\u00e2me meurtri , conform\u00e9ment \u00e0 la nature de la m\u00e9taphore charni\u00e8re sp\u00e9ciale du faubourg de la vie qu\u2019il a utilis\u00e9e .Ceci est , grosso modo , le fond de ce qui a \u00e9t\u00e9 dit dans ce po\u00e8me .Mais est-il conforme \u00e0 ce qui n\u2019a pas \u00e9t\u00e9 dit s\u2019il y en a\u00a0? En d\u2019autres termes, ce paysage int\u00e9rieur totalement obscur serait-il la cons\u00e9quence d\u2019une tristesse constante du genre natif et inn\u00e9 ou bien un simple \u00e9tat d\u2019\u00e2me passager\u00a0?<\/p>\n<p>Seule la lecture approfondie de plusieurs autres textes de ce po\u00e8te nous permettra d\u2019avoir une r\u00e9ponse fiable \u00e0 cette question\u00a0!<\/p>\n","protected":false},"excerpt":{"rendered":"<p>&nbsp; Dans le faubourg de ma vie Loin de la grande cit\u00e9 Vit mon \u00e2me d\u00e9laiss\u00e9e. Dans le faubourg de ma vie, Mes voisins sont noctambules\u00a0 Serinant la m\u00eame rengaine enray\u00e9e : On ne dort jamais car c\u2019est des t\u00e9tons de la nuit,\u00a0 Que nous buvons le lait de la m\u00e9lancolie Dans le faubourg de &#8230;<\/p>\n","protected":false},"author":2,"featured_media":10118,"comment_status":"open","ping_status":"open","sticky":false,"template":"","format":"standard","meta":[],"categories":[8],"tags":[],"yoast_head":"<!-- This site is optimized with the Yoast SEO plugin v19.3 - https:\/\/yoast.com\/wordpress\/plugins\/seo\/ -->\n<title>Les archives des commentaires po\u00e9tiques de Mohamed Salah Ben Amor :39\u2013 Les po\u00e8mes d\u2019Arezki Hatem:39 -5 :Dans le faubourg de ma vie - Culminances<\/title>\n<meta name=\"robots\" content=\"index, follow, max-snippet:-1, max-image-preview:large, max-video-preview:-1\" \/>\n<link rel=\"canonical\" href=\"http:\/\/www.masharif.com\/fr\/2019\/06\/29\/archives-commentaires-poetiques-de-mohamed-salah-ben-amor-39-poemes-darezki-hatem39-5-faubourg-de-vie\/\" \/>\n<meta property=\"og:locale\" content=\"fr_FR\" \/>\n<meta property=\"og:type\" content=\"article\" \/>\n<meta property=\"og:title\" content=\"Les archives des commentaires po\u00e9tiques de Mohamed Salah Ben Amor :39\u2013 Les po\u00e8mes d\u2019Arezki Hatem:39 -5 :Dans le faubourg de ma vie - Culminances\" \/>\n<meta property=\"og:description\" content=\"&nbsp; Dans le faubourg de ma vie Loin de la grande cit\u00e9 Vit mon \u00e2me d\u00e9laiss\u00e9e. Dans le faubourg de ma vie, Mes voisins sont noctambules\u00a0 Serinant la m\u00eame rengaine enray\u00e9e : On ne dort jamais car c\u2019est des t\u00e9tons de la nuit,\u00a0 Que nous buvons le lait de la m\u00e9lancolie Dans le faubourg de ...\" \/>\n<meta property=\"og:url\" content=\"http:\/\/www.masharif.com\/fr\/2019\/06\/29\/archives-commentaires-poetiques-de-mohamed-salah-ben-amor-39-poemes-darezki-hatem39-5-faubourg-de-vie\/\" \/>\n<meta property=\"og:site_name\" content=\"Culminances\" \/>\n<meta property=\"article:published_time\" content=\"2019-06-29T09:33:26+00:00\" \/>\n<meta property=\"og:image\" content=\"http:\/\/www.masharif.com\/fr\/wp-content\/uploads\/2019\/06\/10440816_10204715506030772_3959138817718008327_n.jpg\" \/>\n\t<meta property=\"og:image:width\" content=\"267\" \/>\n\t<meta property=\"og:image:height\" content=\"341\" \/>\n\t<meta property=\"og:image:type\" content=\"image\/jpeg\" \/>\n<meta name=\"author\" content=\"Mohamed Salah Ben Amor\" \/>\n<meta name=\"twitter:card\" content=\"summary\" \/>\n<meta name=\"twitter:label1\" content=\"\u00c9crit par\" \/>\n\t<meta name=\"twitter:data1\" content=\"Mohamed Salah Ben Amor\" \/>\n\t<meta name=\"twitter:label2\" content=\"Dur\u00e9e de lecture estim\u00e9e\" \/>\n\t<meta name=\"twitter:data2\" content=\"3 minutes\" \/>\n<script type=\"application\/ld+json\" class=\"yoast-schema-graph\">{\"@context\":\"https:\/\/schema.org\",\"@graph\":[{\"@type\":\"WebSite\",\"@id\":\"https:\/\/www.masharif.com\/fr\/#website\",\"url\":\"https:\/\/www.masharif.com\/fr\/\",\"name\":\"Culminances\",\"description\":\"\",\"potentialAction\":[{\"@type\":\"SearchAction\",\"target\":{\"@type\":\"EntryPoint\",\"urlTemplate\":\"https:\/\/www.masharif.com\/fr\/?s={search_term_string}\"},\"query-input\":\"required name=search_term_string\"}],\"inLanguage\":\"fr-FR\"},{\"@type\":\"ImageObject\",\"inLanguage\":\"fr-FR\",\"@id\":\"http:\/\/www.masharif.com\/fr\/2019\/06\/29\/archives-commentaires-poetiques-de-mohamed-salah-ben-amor-39-poemes-darezki-hatem39-5-faubourg-de-vie\/#primaryimage\",\"url\":\"http:\/\/www.masharif.com\/fr\/wp-content\/uploads\/2019\/06\/10440816_10204715506030772_3959138817718008327_n.jpg\",\"contentUrl\":\"http:\/\/www.masharif.com\/fr\/wp-content\/uploads\/2019\/06\/10440816_10204715506030772_3959138817718008327_n.jpg\",\"width\":267,\"height\":341},{\"@type\":\"WebPage\",\"@id\":\"http:\/\/www.masharif.com\/fr\/2019\/06\/29\/archives-commentaires-poetiques-de-mohamed-salah-ben-amor-39-poemes-darezki-hatem39-5-faubourg-de-vie\/\",\"url\":\"http:\/\/www.masharif.com\/fr\/2019\/06\/29\/archives-commentaires-poetiques-de-mohamed-salah-ben-amor-39-poemes-darezki-hatem39-5-faubourg-de-vie\/\",\"name\":\"Les archives des commentaires po\u00e9tiques de Mohamed Salah Ben Amor :39\u2013 Les po\u00e8mes d\u2019Arezki Hatem:39 -5 :Dans le faubourg de ma vie - Culminances\",\"isPartOf\":{\"@id\":\"https:\/\/www.masharif.com\/fr\/#website\"},\"primaryImageOfPage\":{\"@id\":\"http:\/\/www.masharif.com\/fr\/2019\/06\/29\/archives-commentaires-poetiques-de-mohamed-salah-ben-amor-39-poemes-darezki-hatem39-5-faubourg-de-vie\/#primaryimage\"},\"datePublished\":\"2019-06-29T09:33:26+00:00\",\"dateModified\":\"2019-06-29T09:33:26+00:00\",\"author\":{\"@id\":\"https:\/\/www.masharif.com\/fr\/#\/schema\/person\/839a7026efe9fa825134097c1041e4a0\"},\"breadcrumb\":{\"@id\":\"http:\/\/www.masharif.com\/fr\/2019\/06\/29\/archives-commentaires-poetiques-de-mohamed-salah-ben-amor-39-poemes-darezki-hatem39-5-faubourg-de-vie\/#breadcrumb\"},\"inLanguage\":\"fr-FR\",\"potentialAction\":[{\"@type\":\"ReadAction\",\"target\":[\"http:\/\/www.masharif.com\/fr\/2019\/06\/29\/archives-commentaires-poetiques-de-mohamed-salah-ben-amor-39-poemes-darezki-hatem39-5-faubourg-de-vie\/\"]}]},{\"@type\":\"BreadcrumbList\",\"@id\":\"http:\/\/www.masharif.com\/fr\/2019\/06\/29\/archives-commentaires-poetiques-de-mohamed-salah-ben-amor-39-poemes-darezki-hatem39-5-faubourg-de-vie\/#breadcrumb\",\"itemListElement\":[{\"@type\":\"ListItem\",\"position\":1,\"name\":\"Home\",\"item\":\"https:\/\/www.masharif.com\/fr\/\"},{\"@type\":\"ListItem\",\"position\":2,\"name\":\"Les archives des commentaires po\u00e9tiques de Mohamed Salah Ben Amor :39\u2013 Les po\u00e8mes d\u2019Arezki Hatem:39 -5 :Dans le faubourg de ma vie\"}]},{\"@type\":\"Person\",\"@id\":\"https:\/\/www.masharif.com\/fr\/#\/schema\/person\/839a7026efe9fa825134097c1041e4a0\",\"name\":\"Mohamed Salah Ben Amor\",\"image\":{\"@type\":\"ImageObject\",\"inLanguage\":\"fr-FR\",\"@id\":\"https:\/\/www.masharif.com\/fr\/#\/schema\/person\/image\/\",\"url\":\"http:\/\/0.gravatar.com\/avatar\/f64806401ad5ed604ffec2272b19ef46?s=96&d=identicon&r=g\",\"contentUrl\":\"http:\/\/0.gravatar.com\/avatar\/f64806401ad5ed604ffec2272b19ef46?s=96&d=identicon&r=g\",\"caption\":\"Mohamed Salah Ben Amor\"},\"sameAs\":[\"http:\/\/ben-amor.info\"],\"url\":\"http:\/\/www.masharif.com\/fr\/author\/msba\/\"}]}<\/script>\n<!-- \/ Yoast SEO plugin. -->","yoast_head_json":{"title":"Les archives des commentaires po\u00e9tiques de Mohamed Salah Ben Amor :39\u2013 Les po\u00e8mes d\u2019Arezki Hatem:39 -5 :Dans le faubourg de ma vie - Culminances","robots":{"index":"index","follow":"follow","max-snippet":"max-snippet:-1","max-image-preview":"max-image-preview:large","max-video-preview":"max-video-preview:-1"},"canonical":"http:\/\/www.masharif.com\/fr\/2019\/06\/29\/archives-commentaires-poetiques-de-mohamed-salah-ben-amor-39-poemes-darezki-hatem39-5-faubourg-de-vie\/","og_locale":"fr_FR","og_type":"article","og_title":"Les archives des commentaires po\u00e9tiques de Mohamed Salah Ben Amor :39\u2013 Les po\u00e8mes d\u2019Arezki Hatem:39 -5 :Dans le faubourg de ma vie - Culminances","og_description":"&nbsp; Dans le faubourg de ma vie Loin de la grande cit\u00e9 Vit mon \u00e2me d\u00e9laiss\u00e9e. Dans le faubourg de ma vie, Mes voisins sont noctambules\u00a0 Serinant la m\u00eame rengaine enray\u00e9e : On ne dort jamais car c\u2019est des t\u00e9tons de la nuit,\u00a0 Que nous buvons le lait de la m\u00e9lancolie Dans le faubourg de ...","og_url":"http:\/\/www.masharif.com\/fr\/2019\/06\/29\/archives-commentaires-poetiques-de-mohamed-salah-ben-amor-39-poemes-darezki-hatem39-5-faubourg-de-vie\/","og_site_name":"Culminances","article_published_time":"2019-06-29T09:33:26+00:00","og_image":[{"width":267,"height":341,"url":"http:\/\/www.masharif.com\/fr\/wp-content\/uploads\/2019\/06\/10440816_10204715506030772_3959138817718008327_n.jpg","type":"image\/jpeg"}],"author":"Mohamed Salah Ben Amor","twitter_card":"summary","twitter_misc":{"\u00c9crit par":"Mohamed Salah Ben Amor","Dur\u00e9e de lecture estim\u00e9e":"3 minutes"},"schema":{"@context":"https:\/\/schema.org","@graph":[{"@type":"WebSite","@id":"https:\/\/www.masharif.com\/fr\/#website","url":"https:\/\/www.masharif.com\/fr\/","name":"Culminances","description":"","potentialAction":[{"@type":"SearchAction","target":{"@type":"EntryPoint","urlTemplate":"https:\/\/www.masharif.com\/fr\/?s={search_term_string}"},"query-input":"required name=search_term_string"}],"inLanguage":"fr-FR"},{"@type":"ImageObject","inLanguage":"fr-FR","@id":"http:\/\/www.masharif.com\/fr\/2019\/06\/29\/archives-commentaires-poetiques-de-mohamed-salah-ben-amor-39-poemes-darezki-hatem39-5-faubourg-de-vie\/#primaryimage","url":"http:\/\/www.masharif.com\/fr\/wp-content\/uploads\/2019\/06\/10440816_10204715506030772_3959138817718008327_n.jpg","contentUrl":"http:\/\/www.masharif.com\/fr\/wp-content\/uploads\/2019\/06\/10440816_10204715506030772_3959138817718008327_n.jpg","width":267,"height":341},{"@type":"WebPage","@id":"http:\/\/www.masharif.com\/fr\/2019\/06\/29\/archives-commentaires-poetiques-de-mohamed-salah-ben-amor-39-poemes-darezki-hatem39-5-faubourg-de-vie\/","url":"http:\/\/www.masharif.com\/fr\/2019\/06\/29\/archives-commentaires-poetiques-de-mohamed-salah-ben-amor-39-poemes-darezki-hatem39-5-faubourg-de-vie\/","name":"Les archives des commentaires po\u00e9tiques de Mohamed Salah Ben Amor :39\u2013 Les po\u00e8mes d\u2019Arezki Hatem:39 -5 :Dans le faubourg de ma vie - Culminances","isPartOf":{"@id":"https:\/\/www.masharif.com\/fr\/#website"},"primaryImageOfPage":{"@id":"http:\/\/www.masharif.com\/fr\/2019\/06\/29\/archives-commentaires-poetiques-de-mohamed-salah-ben-amor-39-poemes-darezki-hatem39-5-faubourg-de-vie\/#primaryimage"},"datePublished":"2019-06-29T09:33:26+00:00","dateModified":"2019-06-29T09:33:26+00:00","author":{"@id":"https:\/\/www.masharif.com\/fr\/#\/schema\/person\/839a7026efe9fa825134097c1041e4a0"},"breadcrumb":{"@id":"http:\/\/www.masharif.com\/fr\/2019\/06\/29\/archives-commentaires-poetiques-de-mohamed-salah-ben-amor-39-poemes-darezki-hatem39-5-faubourg-de-vie\/#breadcrumb"},"inLanguage":"fr-FR","potentialAction":[{"@type":"ReadAction","target":["http:\/\/www.masharif.com\/fr\/2019\/06\/29\/archives-commentaires-poetiques-de-mohamed-salah-ben-amor-39-poemes-darezki-hatem39-5-faubourg-de-vie\/"]}]},{"@type":"BreadcrumbList","@id":"http:\/\/www.masharif.com\/fr\/2019\/06\/29\/archives-commentaires-poetiques-de-mohamed-salah-ben-amor-39-poemes-darezki-hatem39-5-faubourg-de-vie\/#breadcrumb","itemListElement":[{"@type":"ListItem","position":1,"name":"Home","item":"https:\/\/www.masharif.com\/fr\/"},{"@type":"ListItem","position":2,"name":"Les archives des commentaires po\u00e9tiques de Mohamed Salah Ben Amor :39\u2013 Les po\u00e8mes d\u2019Arezki Hatem:39 -5 :Dans le faubourg de ma vie"}]},{"@type":"Person","@id":"https:\/\/www.masharif.com\/fr\/#\/schema\/person\/839a7026efe9fa825134097c1041e4a0","name":"Mohamed Salah Ben Amor","image":{"@type":"ImageObject","inLanguage":"fr-FR","@id":"https:\/\/www.masharif.com\/fr\/#\/schema\/person\/image\/","url":"http:\/\/0.gravatar.com\/avatar\/f64806401ad5ed604ffec2272b19ef46?s=96&d=identicon&r=g","contentUrl":"http:\/\/0.gravatar.com\/avatar\/f64806401ad5ed604ffec2272b19ef46?s=96&d=identicon&r=g","caption":"Mohamed Salah Ben Amor"},"sameAs":["http:\/\/ben-amor.info"],"url":"http:\/\/www.masharif.com\/fr\/author\/msba\/"}]}},"_links":{"self":[{"href":"http:\/\/www.masharif.com\/fr\/wp-json\/wp\/v2\/posts\/10134"}],"collection":[{"href":"http:\/\/www.masharif.com\/fr\/wp-json\/wp\/v2\/posts"}],"about":[{"href":"http:\/\/www.masharif.com\/fr\/wp-json\/wp\/v2\/types\/post"}],"author":[{"embeddable":true,"href":"http:\/\/www.masharif.com\/fr\/wp-json\/wp\/v2\/users\/2"}],"replies":[{"embeddable":true,"href":"http:\/\/www.masharif.com\/fr\/wp-json\/wp\/v2\/comments?post=10134"}],"version-history":[{"count":1,"href":"http:\/\/www.masharif.com\/fr\/wp-json\/wp\/v2\/posts\/10134\/revisions"}],"predecessor-version":[{"id":10136,"href":"http:\/\/www.masharif.com\/fr\/wp-json\/wp\/v2\/posts\/10134\/revisions\/10136"}],"wp:featuredmedia":[{"embeddable":true,"href":"http:\/\/www.masharif.com\/fr\/wp-json\/wp\/v2\/media\/10118"}],"wp:attachment":[{"href":"http:\/\/www.masharif.com\/fr\/wp-json\/wp\/v2\/media?parent=10134"}],"wp:term":[{"taxonomy":"category","embeddable":true,"href":"http:\/\/www.masharif.com\/fr\/wp-json\/wp\/v2\/categories?post=10134"},{"taxonomy":"post_tag","embeddable":true,"href":"http:\/\/www.masharif.com\/fr\/wp-json\/wp\/v2\/tags?post=10134"}],"curies":[{"name":"wp","href":"https:\/\/api.w.org\/{rel}","templated":true}]}}