{"id":10058,"date":"2019-06-09T10:46:00","date_gmt":"2019-06-09T09:46:00","guid":{"rendered":"http:\/\/www.masharif.com\/fr\/?p=10058"},"modified":"2019-06-09T10:46:00","modified_gmt":"2019-06-09T09:46:00","slug":"archives-commentaires-poetiques-de-mohamed-salah-ben-amor-12-poemes-de-fatima-maaouia-12-15printemps-herbe","status":"publish","type":"post","link":"http:\/\/www.masharif.com\/fr\/2019\/06\/09\/archives-commentaires-poetiques-de-mohamed-salah-ben-amor-12-poemes-de-fatima-maaouia-12-15printemps-herbe\/","title":{"rendered":"Les archives des commentaires po\u00e9tiques de Mohamed Salah Ben Amor :12 \u2013 Les po\u00e8mes de Fatima Maaouia :12 -15:Printemps en herbe"},"content":{"rendered":"<div id=\"attachment_9380\" style=\"width: 288px\" class=\"wp-caption alignnone\"><a href=\"http:\/\/www.masharif.com\/fr\/wp-content\/uploads\/2019\/01\/1972283_359499027560323_2433321752961173825_n-278x300-1.jpg\"><img aria-describedby=\"caption-attachment-9380\" loading=\"lazy\" class=\"wp-image-9380 size-medium\" src=\"http:\/\/www.masharif.com\/fr\/wp-content\/uploads\/2019\/01\/1972283_359499027560323_2433321752961173825_n-278x300-1-278x300.jpg\" alt=\"\" width=\"278\" height=\"300\" \/><\/a><p id=\"caption-attachment-9380\" class=\"wp-caption-text\">Fatima Maaouia<\/p><\/div>\n<p><a href=\"http:\/\/www.masharif.com\/fr\/wp-content\/uploads\/2019\/06\/416936_3917415577082_1034873613_n.jpg\"><img loading=\"lazy\" class=\"alignnone size-medium wp-image-10059\" src=\"http:\/\/www.masharif.com\/fr\/wp-content\/uploads\/2019\/06\/416936_3917415577082_1034873613_n-300x153.jpg\" alt=\"\" width=\"300\" height=\"153\" srcset=\"http:\/\/www.masharif.com\/fr\/wp-content\/uploads\/2019\/06\/416936_3917415577082_1034873613_n-300x153.jpg 300w, http:\/\/www.masharif.com\/fr\/wp-content\/uploads\/2019\/06\/416936_3917415577082_1034873613_n.jpg 469w\" sizes=\"(max-width: 300px) 100vw, 300px\" \/><\/a><\/p>\n<p>&nbsp;<\/p>\n<p>&nbsp;<\/p>\n<p><strong>O\u00f9 je peux le trouver encore<\/strong><\/p>\n<p><strong>Fiert\u00e9 de printemps en herbe, ce jasmin<\/strong><\/p>\n<p><strong>Laid, sans parole et sans moustaches??<\/strong><\/p>\n<p><strong>\u00a0<\/strong><\/p>\n<p><strong>Apr\u00e8s avoir fendu gel et\u00a0 pierre<\/strong><\/p>\n<p><strong>Et\u00a0 pouss\u00e9 en plein hiver\u00a0<\/strong><\/p>\n<p><strong>Le vilain\u00a0 m&#8217;a tourn\u00e9 le dos sur le terrain<\/strong><\/p>\n<p><strong>Et\u00a0 du jour au lendemain<\/strong><\/p>\n<p><strong>Son parfum s&#8217;est \u00a0 transform\u00e9 en\u00a0 venin,<\/strong><\/p>\n<p><strong>\u00a0<\/strong><\/p>\n<p><strong>Je l&#8217;ai aim\u00e9 si fort<\/strong><\/p>\n<p><strong>Croyant de tout mon c\u0153ur en l&#8217;or<\/strong><\/p>\n<p><strong>Pur de son chant puissant, juste et sonore<\/strong><\/p>\n<p><strong>Qui jamais pour les autres ne fait faux bond ou ne dort<\/strong><\/p>\n<p><strong>\u00a0<\/strong><\/p>\n<p><strong>Et il m&#8217;a jou\u00e9 un si mauvais\u00a0 tour<\/strong><\/p>\n<p><strong>\u00a0<\/strong><\/p>\n<p><strong>La vache!<\/strong><\/p>\n<p><strong>O\u00f9 se cache<\/strong><\/p>\n<p><strong>Enfin<\/strong><\/p>\n<p><strong>Ce jasmin<\/strong><\/p>\n<p><strong>Qui f\u00e2che<\/strong><\/p>\n<p><strong>Et veut enterrer \u00e0 jamais<\/strong><\/p>\n<p><strong>R\u00eave et espoir sous une b\u00e2che???<\/strong><\/p>\n<p><strong>\u00a0<\/strong><\/p>\n<p><strong>En v\u00e9rit\u00e9 ,\u00a0 j&#8217;aurai d\u00fb ne pas avoir de c\u0153ur<\/strong><\/p>\n<p><strong>Et l&#8217;\u00e9viter<\/strong><\/p>\n<p><strong>\u00a0<\/strong><\/p>\n<p><strong>Mais je l&#8217;ai aim\u00e9<\/strong><\/p>\n<p><strong>\u00a0<\/strong><\/p>\n<p><strong>Quelle erreur!<\/strong><\/p>\n<p><strong>\u00a0<\/strong><\/p>\n<p><strong>Il a pris mon c\u0153ur<\/strong><\/p>\n<p><strong>H\u00e9b\u00e9t\u00e9 et l&#8217;a habit\u00e9<\/strong><\/p>\n<p><strong>\u00a0<\/strong><\/p>\n<p><strong>J&#8217;ai\u00a0 aim\u00e9 si fort, si fort<\/strong><\/p>\n<p><strong>A la vie \u00e0 la mort<\/strong><\/p>\n<p><strong>\u00a0<\/strong><\/p>\n<p><strong>Comme une affam\u00e9e<\/strong><\/p>\n<p><strong>Je l&#8217;ai aim\u00e9<\/strong><\/p>\n<p><strong>Ce brin\u00a0 de jasmin pas plus haut que trois pommes<\/strong><\/p>\n<p><strong>Il repr\u00e9sentait le Jour<\/strong><\/p>\n<p><strong>\u00a0<\/strong><\/p>\n<p><strong>Et en retour<\/strong><\/p>\n<p><strong>Moi qui lui faisais la cour<\/strong><\/p>\n<p><strong>Il\u00a0 m&#8217;a bloqu\u00e9e pour utilisation abusive de la fonction &#8216;j&#8217;aime&#8217;<\/strong><\/p>\n<p><strong>\u00a0<\/strong><\/p>\n<p><strong>Il\u00a0 \u00e9tait tout ce que j&#8217;aime<\/strong><\/p>\n<p><strong>\u00a0<\/strong><\/p>\n<p><strong>&#8230; En v\u00e9rit\u00e9 &#8230;<\/strong><\/p>\n<p><strong>Il \u00e9tait V\u00e9rit\u00e9:<\/strong><\/p>\n<p><strong>Du\u00a0 c\u0153ur et de l&#8217;esprit de chaque\u00a0 femme<\/strong><\/p>\n<p><strong>Et de chaque\u00a0 d&#8217;homme<\/strong><\/p>\n<p><strong>\u00a0<\/strong><\/p>\n<p><strong>\u00a0 Jasmin vain<\/strong><\/p>\n<p><strong>\u00a0Devenu venin<\/strong><\/p>\n<p>&nbsp;<\/p>\n<p>C\u2019est l\u2019une des rares fois \u00a0que je lis un po\u00e8me aussi court de notre po\u00e9tesse tuniso-alg\u00e9rienne qui s\u2019est sp\u00e9cialis\u00e9e \u00a0et distingu\u00e9e, \u00a0\u00e0 vrai dire aussi , depuis longtemps dans les po\u00e8mes ultra-longs qu\u2019elle manie avec une facilit\u00e9 et une finesse stup\u00e9fiantes , \u00a0tellement le souffle manque aux po\u00e8tes contemporains pour en faire autant . Il ne s\u2019agit probablement que d\u2019un \u00e9cart momentan\u00e9 qui lui a \u00e9t\u00e9 impos\u00e9 par le th\u00e8me abord\u00e9 et surtout par \u00a0son \u00e9tat d\u2019\u00e2me d\u2019artiste \u00e0 fleur de peau \u00a0qui a trouv\u00e9 du mal \u00e0 supporter\u00a0 l\u2019\u00e9chec d\u2019une r\u00e9volution qu\u2019elle croyait au d\u00e9but salvatrice et porteuse d\u2019espoir pour toute une g\u00e9n\u00e9ration assoiff\u00e9e de libert\u00e9 et d\u2019\u00e9mancipation . Pourtant, \u00a0plusieurs indices laissaient pr\u00e9sager le contraire, \u00a0\u00e0 commencer par l\u2019acclamation du congr\u00e8s am\u00e9ricain et l\u2019intervention de l\u2019OTAN dans la Libye voisine qui d\u00e9voilaient le programme des USA dans la r\u00e9gion et dans tout le monde arabe \u00a0 . Enfin, le fait est l\u00e0. La d\u00e9sillusion de la \u00a0po\u00e9tesse \u00e9tait d\u2019autant plus douloureuse \u00a0\u00a0qu\u2019elle s\u2019\u00e9tait jet\u00e9e corps et \u00e2me\u00a0 dans l\u2019\u00e9dification de ch\u00e2teaux de r\u00eaves \u00a0sans le moindre doute sur leur prochaine concr\u00e9tisation. Mais si cette d\u00e9ception est profonde et am\u00e8re, elle a \u00a0g\u00e9n\u00e9r\u00e9 au niveau du style et comme toujours gr\u00e2ce aux capacit\u00e9s cr\u00e9atrices de l\u2019auteure, un texte po\u00e9tique finement \u00a0cisel\u00e9 construit autour de la double \u00a0m\u00e9taphore \u00a0du jasmin et du printemps qu\u2019on a utilis\u00e9e au d\u00e9but pour qualifier la dite r\u00e9volution avant de l\u2019abandonner de plus en plus apr\u00e8s qu\u2019elle a d\u00e9voil\u00e9 sa v\u00e9ritable nature. Et de cette m\u00e9taphore principale, elle a produit toute une s\u00e9rie de m\u00e9taphores secondaires pour d\u00e9crire le volte-face de ce jasmin personnifi\u00e9 en un amant trompeur et infid\u00e8le . Sur le plan sonore et typographique et comme pour sugg\u00e9rer \u00a0le caract\u00e8re trouble et changeant \u00a0du jasmin , le rythme utilis\u00e9\u00a0 oscille entre l\u2019acc\u00e9l\u00e9ration \u00a0par\u00a0 l\u2019\u00e9mission de suites de vers tr\u00e8s courts ( \u00a0<strong>La vache! \/ \u00a0O\u00f9 se cache \/ Enfin \/ Ce jasmin \/ Qui f\u00e2che<\/strong>) et le ralentissement par l\u2019allongement de certains vers (<strong>Il\u00a0 m&#8217;a bloqu\u00e9e pour utilisation abusive de la fonction &#8216;j&#8217;aime&#8217;<\/strong> ) .<\/p>\n<p>&nbsp;<\/p>\n","protected":false},"excerpt":{"rendered":"<p>&nbsp; &nbsp; O\u00f9 je peux le trouver encore Fiert\u00e9 de printemps en herbe, ce jasmin Laid, sans parole et sans moustaches?? \u00a0 Apr\u00e8s avoir fendu gel et\u00a0 pierre Et\u00a0 pouss\u00e9 en plein hiver\u00a0 Le vilain\u00a0 m&#8217;a tourn\u00e9 le dos sur le terrain Et\u00a0 du jour au lendemain Son parfum s&#8217;est \u00a0 transform\u00e9 en\u00a0 venin, \u00a0 &#8230;<\/p>\n","protected":false},"author":2,"featured_media":9380,"comment_status":"open","ping_status":"open","sticky":false,"template":"","format":"standard","meta":[],"categories":[8],"tags":[],"yoast_head":"<!-- This site is optimized with the Yoast SEO plugin v19.3 - https:\/\/yoast.com\/wordpress\/plugins\/seo\/ -->\n<title>Les archives des commentaires po\u00e9tiques de Mohamed Salah Ben Amor :12 \u2013 Les po\u00e8mes de Fatima Maaouia :12 -15:Printemps en herbe - Culminances<\/title>\n<meta name=\"robots\" content=\"index, follow, max-snippet:-1, max-image-preview:large, max-video-preview:-1\" \/>\n<link rel=\"canonical\" href=\"http:\/\/www.masharif.com\/fr\/2019\/06\/09\/archives-commentaires-poetiques-de-mohamed-salah-ben-amor-12-poemes-de-fatima-maaouia-12-15printemps-herbe\/\" \/>\n<meta property=\"og:locale\" content=\"fr_FR\" \/>\n<meta property=\"og:type\" content=\"article\" \/>\n<meta property=\"og:title\" content=\"Les archives des commentaires po\u00e9tiques de Mohamed Salah Ben Amor :12 \u2013 Les po\u00e8mes de Fatima Maaouia :12 -15:Printemps en herbe - Culminances\" \/>\n<meta property=\"og:description\" content=\"&nbsp; &nbsp; O\u00f9 je peux le trouver encore Fiert\u00e9 de printemps en herbe, ce jasmin Laid, sans parole et sans moustaches?? \u00a0 Apr\u00e8s avoir fendu gel et\u00a0 pierre Et\u00a0 pouss\u00e9 en plein hiver\u00a0 Le vilain\u00a0 m&#8217;a tourn\u00e9 le dos sur le terrain Et\u00a0 du jour au lendemain Son parfum s&#8217;est \u00a0 transform\u00e9 en\u00a0 venin, \u00a0 ...\" \/>\n<meta property=\"og:url\" content=\"http:\/\/www.masharif.com\/fr\/2019\/06\/09\/archives-commentaires-poetiques-de-mohamed-salah-ben-amor-12-poemes-de-fatima-maaouia-12-15printemps-herbe\/\" \/>\n<meta property=\"og:site_name\" content=\"Culminances\" \/>\n<meta property=\"article:published_time\" content=\"2019-06-09T09:46:00+00:00\" \/>\n<meta property=\"og:image\" content=\"http:\/\/www.masharif.com\/fr\/wp-content\/uploads\/2019\/01\/1972283_359499027560323_2433321752961173825_n-278x300-1.jpg\" \/>\n\t<meta property=\"og:image:width\" content=\"278\" \/>\n\t<meta property=\"og:image:height\" content=\"300\" \/>\n\t<meta property=\"og:image:type\" content=\"image\/jpeg\" \/>\n<meta name=\"author\" content=\"Mohamed Salah Ben Amor\" \/>\n<meta name=\"twitter:card\" content=\"summary\" \/>\n<meta name=\"twitter:label1\" content=\"\u00c9crit par\" \/>\n\t<meta name=\"twitter:data1\" content=\"Mohamed Salah Ben Amor\" \/>\n\t<meta name=\"twitter:label2\" content=\"Dur\u00e9e de lecture estim\u00e9e\" \/>\n\t<meta name=\"twitter:data2\" content=\"3 minutes\" \/>\n<script type=\"application\/ld+json\" class=\"yoast-schema-graph\">{\"@context\":\"https:\/\/schema.org\",\"@graph\":[{\"@type\":\"WebSite\",\"@id\":\"https:\/\/www.masharif.com\/fr\/#website\",\"url\":\"https:\/\/www.masharif.com\/fr\/\",\"name\":\"Culminances\",\"description\":\"\",\"potentialAction\":[{\"@type\":\"SearchAction\",\"target\":{\"@type\":\"EntryPoint\",\"urlTemplate\":\"https:\/\/www.masharif.com\/fr\/?s={search_term_string}\"},\"query-input\":\"required name=search_term_string\"}],\"inLanguage\":\"fr-FR\"},{\"@type\":\"ImageObject\",\"inLanguage\":\"fr-FR\",\"@id\":\"http:\/\/www.masharif.com\/fr\/2019\/06\/09\/archives-commentaires-poetiques-de-mohamed-salah-ben-amor-12-poemes-de-fatima-maaouia-12-15printemps-herbe\/#primaryimage\",\"url\":\"http:\/\/www.masharif.com\/fr\/wp-content\/uploads\/2019\/01\/1972283_359499027560323_2433321752961173825_n-278x300-1.jpg\",\"contentUrl\":\"http:\/\/www.masharif.com\/fr\/wp-content\/uploads\/2019\/01\/1972283_359499027560323_2433321752961173825_n-278x300-1.jpg\",\"width\":278,\"height\":300},{\"@type\":\"WebPage\",\"@id\":\"http:\/\/www.masharif.com\/fr\/2019\/06\/09\/archives-commentaires-poetiques-de-mohamed-salah-ben-amor-12-poemes-de-fatima-maaouia-12-15printemps-herbe\/\",\"url\":\"http:\/\/www.masharif.com\/fr\/2019\/06\/09\/archives-commentaires-poetiques-de-mohamed-salah-ben-amor-12-poemes-de-fatima-maaouia-12-15printemps-herbe\/\",\"name\":\"Les archives des commentaires po\u00e9tiques de Mohamed Salah Ben Amor :12 \u2013 Les po\u00e8mes de Fatima Maaouia :12 -15:Printemps en herbe - Culminances\",\"isPartOf\":{\"@id\":\"https:\/\/www.masharif.com\/fr\/#website\"},\"primaryImageOfPage\":{\"@id\":\"http:\/\/www.masharif.com\/fr\/2019\/06\/09\/archives-commentaires-poetiques-de-mohamed-salah-ben-amor-12-poemes-de-fatima-maaouia-12-15printemps-herbe\/#primaryimage\"},\"datePublished\":\"2019-06-09T09:46:00+00:00\",\"dateModified\":\"2019-06-09T09:46:00+00:00\",\"author\":{\"@id\":\"https:\/\/www.masharif.com\/fr\/#\/schema\/person\/839a7026efe9fa825134097c1041e4a0\"},\"breadcrumb\":{\"@id\":\"http:\/\/www.masharif.com\/fr\/2019\/06\/09\/archives-commentaires-poetiques-de-mohamed-salah-ben-amor-12-poemes-de-fatima-maaouia-12-15printemps-herbe\/#breadcrumb\"},\"inLanguage\":\"fr-FR\",\"potentialAction\":[{\"@type\":\"ReadAction\",\"target\":[\"http:\/\/www.masharif.com\/fr\/2019\/06\/09\/archives-commentaires-poetiques-de-mohamed-salah-ben-amor-12-poemes-de-fatima-maaouia-12-15printemps-herbe\/\"]}]},{\"@type\":\"BreadcrumbList\",\"@id\":\"http:\/\/www.masharif.com\/fr\/2019\/06\/09\/archives-commentaires-poetiques-de-mohamed-salah-ben-amor-12-poemes-de-fatima-maaouia-12-15printemps-herbe\/#breadcrumb\",\"itemListElement\":[{\"@type\":\"ListItem\",\"position\":1,\"name\":\"Home\",\"item\":\"https:\/\/www.masharif.com\/fr\/\"},{\"@type\":\"ListItem\",\"position\":2,\"name\":\"Les archives des commentaires po\u00e9tiques de Mohamed Salah Ben Amor :12 \u2013 Les po\u00e8mes de Fatima Maaouia :12 -15:Printemps en herbe\"}]},{\"@type\":\"Person\",\"@id\":\"https:\/\/www.masharif.com\/fr\/#\/schema\/person\/839a7026efe9fa825134097c1041e4a0\",\"name\":\"Mohamed Salah Ben Amor\",\"image\":{\"@type\":\"ImageObject\",\"inLanguage\":\"fr-FR\",\"@id\":\"https:\/\/www.masharif.com\/fr\/#\/schema\/person\/image\/\",\"url\":\"http:\/\/0.gravatar.com\/avatar\/f64806401ad5ed604ffec2272b19ef46?s=96&d=identicon&r=g\",\"contentUrl\":\"http:\/\/0.gravatar.com\/avatar\/f64806401ad5ed604ffec2272b19ef46?s=96&d=identicon&r=g\",\"caption\":\"Mohamed Salah Ben Amor\"},\"sameAs\":[\"http:\/\/ben-amor.info\"],\"url\":\"http:\/\/www.masharif.com\/fr\/author\/msba\/\"}]}<\/script>\n<!-- \/ Yoast SEO plugin. -->","yoast_head_json":{"title":"Les archives des commentaires po\u00e9tiques de Mohamed Salah Ben Amor :12 \u2013 Les po\u00e8mes de Fatima Maaouia :12 -15:Printemps en herbe - Culminances","robots":{"index":"index","follow":"follow","max-snippet":"max-snippet:-1","max-image-preview":"max-image-preview:large","max-video-preview":"max-video-preview:-1"},"canonical":"http:\/\/www.masharif.com\/fr\/2019\/06\/09\/archives-commentaires-poetiques-de-mohamed-salah-ben-amor-12-poemes-de-fatima-maaouia-12-15printemps-herbe\/","og_locale":"fr_FR","og_type":"article","og_title":"Les archives des commentaires po\u00e9tiques de Mohamed Salah Ben Amor :12 \u2013 Les po\u00e8mes de Fatima Maaouia :12 -15:Printemps en herbe - Culminances","og_description":"&nbsp; &nbsp; O\u00f9 je peux le trouver encore Fiert\u00e9 de printemps en herbe, ce jasmin Laid, sans parole et sans moustaches?? \u00a0 Apr\u00e8s avoir fendu gel et\u00a0 pierre Et\u00a0 pouss\u00e9 en plein hiver\u00a0 Le vilain\u00a0 m&#8217;a tourn\u00e9 le dos sur le terrain Et\u00a0 du jour au lendemain Son parfum s&#8217;est \u00a0 transform\u00e9 en\u00a0 venin, \u00a0 ...","og_url":"http:\/\/www.masharif.com\/fr\/2019\/06\/09\/archives-commentaires-poetiques-de-mohamed-salah-ben-amor-12-poemes-de-fatima-maaouia-12-15printemps-herbe\/","og_site_name":"Culminances","article_published_time":"2019-06-09T09:46:00+00:00","og_image":[{"width":278,"height":300,"url":"http:\/\/www.masharif.com\/fr\/wp-content\/uploads\/2019\/01\/1972283_359499027560323_2433321752961173825_n-278x300-1.jpg","type":"image\/jpeg"}],"author":"Mohamed Salah Ben Amor","twitter_card":"summary","twitter_misc":{"\u00c9crit par":"Mohamed Salah Ben Amor","Dur\u00e9e de lecture estim\u00e9e":"3 minutes"},"schema":{"@context":"https:\/\/schema.org","@graph":[{"@type":"WebSite","@id":"https:\/\/www.masharif.com\/fr\/#website","url":"https:\/\/www.masharif.com\/fr\/","name":"Culminances","description":"","potentialAction":[{"@type":"SearchAction","target":{"@type":"EntryPoint","urlTemplate":"https:\/\/www.masharif.com\/fr\/?s={search_term_string}"},"query-input":"required name=search_term_string"}],"inLanguage":"fr-FR"},{"@type":"ImageObject","inLanguage":"fr-FR","@id":"http:\/\/www.masharif.com\/fr\/2019\/06\/09\/archives-commentaires-poetiques-de-mohamed-salah-ben-amor-12-poemes-de-fatima-maaouia-12-15printemps-herbe\/#primaryimage","url":"http:\/\/www.masharif.com\/fr\/wp-content\/uploads\/2019\/01\/1972283_359499027560323_2433321752961173825_n-278x300-1.jpg","contentUrl":"http:\/\/www.masharif.com\/fr\/wp-content\/uploads\/2019\/01\/1972283_359499027560323_2433321752961173825_n-278x300-1.jpg","width":278,"height":300},{"@type":"WebPage","@id":"http:\/\/www.masharif.com\/fr\/2019\/06\/09\/archives-commentaires-poetiques-de-mohamed-salah-ben-amor-12-poemes-de-fatima-maaouia-12-15printemps-herbe\/","url":"http:\/\/www.masharif.com\/fr\/2019\/06\/09\/archives-commentaires-poetiques-de-mohamed-salah-ben-amor-12-poemes-de-fatima-maaouia-12-15printemps-herbe\/","name":"Les archives des commentaires po\u00e9tiques de Mohamed Salah Ben Amor :12 \u2013 Les po\u00e8mes de Fatima Maaouia :12 -15:Printemps en herbe - Culminances","isPartOf":{"@id":"https:\/\/www.masharif.com\/fr\/#website"},"primaryImageOfPage":{"@id":"http:\/\/www.masharif.com\/fr\/2019\/06\/09\/archives-commentaires-poetiques-de-mohamed-salah-ben-amor-12-poemes-de-fatima-maaouia-12-15printemps-herbe\/#primaryimage"},"datePublished":"2019-06-09T09:46:00+00:00","dateModified":"2019-06-09T09:46:00+00:00","author":{"@id":"https:\/\/www.masharif.com\/fr\/#\/schema\/person\/839a7026efe9fa825134097c1041e4a0"},"breadcrumb":{"@id":"http:\/\/www.masharif.com\/fr\/2019\/06\/09\/archives-commentaires-poetiques-de-mohamed-salah-ben-amor-12-poemes-de-fatima-maaouia-12-15printemps-herbe\/#breadcrumb"},"inLanguage":"fr-FR","potentialAction":[{"@type":"ReadAction","target":["http:\/\/www.masharif.com\/fr\/2019\/06\/09\/archives-commentaires-poetiques-de-mohamed-salah-ben-amor-12-poemes-de-fatima-maaouia-12-15printemps-herbe\/"]}]},{"@type":"BreadcrumbList","@id":"http:\/\/www.masharif.com\/fr\/2019\/06\/09\/archives-commentaires-poetiques-de-mohamed-salah-ben-amor-12-poemes-de-fatima-maaouia-12-15printemps-herbe\/#breadcrumb","itemListElement":[{"@type":"ListItem","position":1,"name":"Home","item":"https:\/\/www.masharif.com\/fr\/"},{"@type":"ListItem","position":2,"name":"Les archives des commentaires po\u00e9tiques de Mohamed Salah Ben Amor :12 \u2013 Les po\u00e8mes de Fatima Maaouia :12 -15:Printemps en herbe"}]},{"@type":"Person","@id":"https:\/\/www.masharif.com\/fr\/#\/schema\/person\/839a7026efe9fa825134097c1041e4a0","name":"Mohamed Salah Ben Amor","image":{"@type":"ImageObject","inLanguage":"fr-FR","@id":"https:\/\/www.masharif.com\/fr\/#\/schema\/person\/image\/","url":"http:\/\/0.gravatar.com\/avatar\/f64806401ad5ed604ffec2272b19ef46?s=96&d=identicon&r=g","contentUrl":"http:\/\/0.gravatar.com\/avatar\/f64806401ad5ed604ffec2272b19ef46?s=96&d=identicon&r=g","caption":"Mohamed Salah Ben Amor"},"sameAs":["http:\/\/ben-amor.info"],"url":"http:\/\/www.masharif.com\/fr\/author\/msba\/"}]}},"_links":{"self":[{"href":"http:\/\/www.masharif.com\/fr\/wp-json\/wp\/v2\/posts\/10058"}],"collection":[{"href":"http:\/\/www.masharif.com\/fr\/wp-json\/wp\/v2\/posts"}],"about":[{"href":"http:\/\/www.masharif.com\/fr\/wp-json\/wp\/v2\/types\/post"}],"author":[{"embeddable":true,"href":"http:\/\/www.masharif.com\/fr\/wp-json\/wp\/v2\/users\/2"}],"replies":[{"embeddable":true,"href":"http:\/\/www.masharif.com\/fr\/wp-json\/wp\/v2\/comments?post=10058"}],"version-history":[{"count":1,"href":"http:\/\/www.masharif.com\/fr\/wp-json\/wp\/v2\/posts\/10058\/revisions"}],"predecessor-version":[{"id":10060,"href":"http:\/\/www.masharif.com\/fr\/wp-json\/wp\/v2\/posts\/10058\/revisions\/10060"}],"wp:featuredmedia":[{"embeddable":true,"href":"http:\/\/www.masharif.com\/fr\/wp-json\/wp\/v2\/media\/9380"}],"wp:attachment":[{"href":"http:\/\/www.masharif.com\/fr\/wp-json\/wp\/v2\/media?parent=10058"}],"wp:term":[{"taxonomy":"category","embeddable":true,"href":"http:\/\/www.masharif.com\/fr\/wp-json\/wp\/v2\/categories?post=10058"},{"taxonomy":"post_tag","embeddable":true,"href":"http:\/\/www.masharif.com\/fr\/wp-json\/wp\/v2\/tags?post=10058"}],"curies":[{"name":"wp","href":"https:\/\/api.w.org\/{rel}","templated":true}]}}